{"id":315869,"date":"2026-01-23T13:07:44","date_gmt":"2026-01-23T12:07:44","guid":{"rendered":"https:\/\/www.evearly.news\/fr\/mercedes-benz-glc-electrique-autonomie-recharge-et-nouveautes-du-suv-2026\/"},"modified":"2026-01-23T13:07:44","modified_gmt":"2026-01-23T12:07:44","slug":"mercedes-benz-glc-electrique-autonomie-recharge-et-nouveautes-du-suv-2026","status":"publish","type":"post","link":"https:\/\/www.evearly.news\/fr\/mercedes-benz-glc-electrique-autonomie-recharge-et-nouveautes-du-suv-2026\/","title":{"rendered":"Mercedes-Benz GLC \u00e9lectrique : autonomie, recharge et nouveaut\u00e9s du SUV 2026"},"content":{"rendered":"<p><img decoding=\"async\" src=\"GLC \u00e9lectrique : autonomie, recharge et nouveaut\u00e9s du SUV 2026 | G\u00e9n\u00e9ration \u00e9lectrique et hybride Magazine<\/title><br \/>\n\t<me.jpg\" alt=\"Mercedes-Benz GLC \u00e9lectrique : autonomie, recharge et nouveaut\u00e9s du SUV 2026\"><br \/>Avec le lancement du GLC 100 % \u00e9lectrique, Mercedes-Benz franchit une nouvelle \u00e9tape en 2026. Mod\u00e8le central de la gamme SUV, le GLC adopte d\u00e9sormais une motorisation enti\u00e8rement \u00e9lectrique. L\u2019objectif est clair : proposer autonomie, recharge rapide et confort premium, sans compromis sur les usages. Un SUV pens\u00e9 d\u00e8s l\u2019origine pour l\u2019\u00e9lectrique Contrairement \u00e0 certains mod\u00e8les \u00e9lectrifi\u00e9s a posteriori, le\u2026 <a href=https:\/\/electriquemag.fr\/mercedes-benz-glc-electrique-autonomie-recharge-et-nouveautes-du-suv-2026\/ target='bwindow'>Lire la suite&#8230;<\/a><\/p>\n","protected":false},"excerpt":{"rendered":"<p>&#8230; <a class=\"continue-reading-link\" href=\"https:\/\/www.evearly.news\/fr\/mercedes-benz-glc-electrique-autonomie-recharge-et-nouveautes-du-suv-2026\/\"><\/a><\/p>\n","protected":false},"author":13,"featured_media":0,"comment_status":"closed","ping_status":"open","sticky":false,"template":"Default","format":"standard","meta":{"footnotes":""},"categories":[13],"tags":[],"class_list":["post-315869","post","type-post","status-publish","format-standard","hentry","category-electriquemag"],"_links":{"self":[{"href":"https:\/\/www.evearly.news\/fr\/wp-json\/wp\/v2\/posts\/315869","targetHints":{"allow":["GET"]}}],"collection":[{"href":"https:\/\/www.evearly.news\/fr\/wp-json\/wp\/v2\/posts"}],"about":[{"href":"https:\/\/www.evearly.news\/fr\/wp-json\/wp\/v2\/types\/post"}],"author":[{"embeddable":true,"href":"https:\/\/www.evearly.news\/fr\/wp-json\/wp\/v2\/users\/13"}],"replies":[{"embeddable":true,"href":"https:\/\/www.evearly.news\/fr\/wp-json\/wp\/v2\/comments?post=315869"}],"version-history":[{"count":0,"href":"https:\/\/www.evearly.news\/fr\/wp-json\/wp\/v2\/posts\/315869\/revisions"}],"wp:attachment":[{"href":"https:\/\/www.evearly.news\/fr\/wp-json\/wp\/v2\/media?parent=315869"}],"wp:term":[{"taxonomy":"category","embeddable":true,"href":"https:\/\/www.evearly.news\/fr\/wp-json\/wp\/v2\/categories?post=315869"},{"taxonomy":"post_tag","embeddable":true,"href":"https:\/\/www.evearly.news\/fr\/wp-json\/wp\/v2\/tags?post=315869"}],"curies":[{"name":"wp","href":"https:\/\/api.w.org\/{rel}","templated":true}]}}