{"id":315874,"date":"2026-01-23T14:52:08","date_gmt":"2026-01-23T13:52:08","guid":{"rendered":"https:\/\/www.evearly.news\/fr\/pourquoi-les-volkswagen-id-3-et-id-4-vont-disparaitre-plus-vite-que-prevu\/"},"modified":"2026-01-23T14:52:08","modified_gmt":"2026-01-23T13:52:08","slug":"pourquoi-les-volkswagen-id-3-et-id-4-vont-disparaitre-plus-vite-que-prevu","status":"publish","type":"post","link":"https:\/\/www.evearly.news\/fr\/pourquoi-les-volkswagen-id-3-et-id-4-vont-disparaitre-plus-vite-que-prevu\/","title":{"rendered":"Pourquoi les Volkswagen ID.3 et ID.4 vont dispara\u00eetre plus vite que pr\u00e9vu"},"content":{"rendered":"<p><img loading=\"lazy\" decoding=\"async\" width=\"500\" height=\"333\" src=\"https:\/\/www.evearly.news\/fr\/wp-content\/uploads\/sites\/6\/2026\/01\/pourquoi-les-volkswagen-id-3-et-id-4-vont-disparaitre-plus-vite-que-prevu.jpg\" class=\"attachment-1200x800 size-1200x800 wp-post-image\" alt=\"Volkswagen ID.4\" srcset=\"https:\/\/www.evearly.news\/fr\/wp-content\/uploads\/sites\/6\/2026\/01\/pourquoi-les-volkswagen-id-3-et-id-4-vont-disparaitre-plus-vite-que-prevu.jpg 1920w, https:\/\/www.evearly.news\/fr\/wp-content\/uploads\/sites\/6\/2026\/01\/pourquoi-les-volkswagen-id-3-et-id-4-vont-disparaitre-plus-vite-que-prevu-1.jpg 1640w, https:\/\/www.evearly.news\/fr\/wp-content\/uploads\/sites\/6\/2026\/01\/pourquoi-les-volkswagen-id-3-et-id-4-vont-disparaitre-plus-vite-que-prevu-2.jpg 1024w, https:\/\/www.evearly.news\/fr\/wp-content\/uploads\/sites\/6\/2026\/01\/pourquoi-les-volkswagen-id-3-et-id-4-vont-disparaitre-plus-vite-que-prevu-3.jpg 768w, https:\/\/www.evearly.news\/fr\/wp-content\/uploads\/sites\/6\/2026\/01\/pourquoi-les-volkswagen-id-3-et-id-4-vont-disparaitre-plus-vite-que-prevu-4.jpg 1536w, https:\/\/cdn.automobile-propre.com\/uploads\/2025\/06\/VW_ID4-620x349.jpeg 620w\" sizes=\"auto, (max-width: 1200px) 100vw, 1200px\" \/><br \/>\nAvec l&rsquo;arriv\u00e9e de l&rsquo;ID.Polo, les jours des Volkswagen \u00e9lectriques portant un simple num\u00e9ro sont compt\u00e9s. Et le changement ne devrait pas attendre l&rsquo;arriv\u00e9e de nouvelles g\u00e9n\u00e9rations de v\u00e9hicules.\u00a0<a href=https:\/\/www.automobile-propre.com\/breves\/pourquoi-les-volkswagen-id-3-et-id-4-vont-disparaitre-plus-vite-que-prevu\/ target='bwindow'>Lire la suite&#8230;<\/a><\/p>\n","protected":false},"excerpt":{"rendered":"<p>&#8230; <a class=\"continue-reading-link\" href=\"https:\/\/www.evearly.news\/fr\/pourquoi-les-volkswagen-id-3-et-id-4-vont-disparaitre-plus-vite-que-prevu\/\"><\/a><\/p>\n","protected":false},"author":8,"featured_media":315875,"comment_status":"closed","ping_status":"open","sticky":false,"template":"Default","format":"standard","meta":{"footnotes":""},"categories":[8],"tags":[],"class_list":["post-315874","post","type-post","status-publish","format-standard","has-post-thumbnail","hentry","category-automobile-propre"],"_links":{"self":[{"href":"https:\/\/www.evearly.news\/fr\/wp-json\/wp\/v2\/posts\/315874","targetHints":{"allow":["GET"]}}],"collection":[{"href":"https:\/\/www.evearly.news\/fr\/wp-json\/wp\/v2\/posts"}],"about":[{"href":"https:\/\/www.evearly.news\/fr\/wp-json\/wp\/v2\/types\/post"}],"author":[{"embeddable":true,"href":"https:\/\/www.evearly.news\/fr\/wp-json\/wp\/v2\/users\/8"}],"replies":[{"embeddable":true,"href":"https:\/\/www.evearly.news\/fr\/wp-json\/wp\/v2\/comments?post=315874"}],"version-history":[{"count":0,"href":"https:\/\/www.evearly.news\/fr\/wp-json\/wp\/v2\/posts\/315874\/revisions"}],"wp:featuredmedia":[{"embeddable":true,"href":"https:\/\/www.evearly.news\/fr\/wp-json\/wp\/v2\/media\/315875"}],"wp:attachment":[{"href":"https:\/\/www.evearly.news\/fr\/wp-json\/wp\/v2\/media?parent=315874"}],"wp:term":[{"taxonomy":"category","embeddable":true,"href":"https:\/\/www.evearly.news\/fr\/wp-json\/wp\/v2\/categories?post=315874"},{"taxonomy":"post_tag","embeddable":true,"href":"https:\/\/www.evearly.news\/fr\/wp-json\/wp\/v2\/tags?post=315874"}],"curies":[{"name":"wp","href":"https:\/\/api.w.org\/{rel}","templated":true}]}}