{"id":315876,"date":"2026-01-23T15:05:46","date_gmt":"2026-01-23T14:05:46","guid":{"rendered":"https:\/\/www.evearly.news\/fr\/le-secret-service-devoile-la-nouvelle-voiture-de-donald-trump\/"},"modified":"2026-01-23T15:05:46","modified_gmt":"2026-01-23T14:05:46","slug":"le-secret-service-devoile-la-nouvelle-voiture-de-donald-trump","status":"publish","type":"post","link":"https:\/\/www.evearly.news\/fr\/le-secret-service-devoile-la-nouvelle-voiture-de-donald-trump\/","title":{"rendered":"Le Secret Service d\u00e9voile la nouvelle voiture de Donald Trump"},"content":{"rendered":"<p><img loading=\"lazy\" width=\"1920\" height=\"1280\" src=\"https:\/\/www.evearly.news\/fr\/wp-content\/uploads\/sites\/6\/2026\/01\/le-secret-service-devoile-la-nouvelle-voiture-de-donald-trump.jpg\" class=\"attachment-full size-full wp-post-image\" alt=\"Logo Cadillac\" decoding=\"async\" srcset=\"https:\/\/www.evearly.news\/fr\/wp-content\/uploads\/sites\/6\/2026\/01\/le-secret-service-devoile-la-nouvelle-voiture-de-donald-trump.jpg 1920w, https:\/\/www.evearly.news\/fr\/wp-content\/uploads\/sites\/6\/2026\/01\/le-secret-service-devoile-la-nouvelle-voiture-de-donald-trump-1.jpg 384w, https:\/\/www.evearly.news\/fr\/wp-content\/uploads\/sites\/6\/2026\/01\/le-secret-service-devoile-la-nouvelle-voiture-de-donald-trump-2.jpg 880w, https:\/\/www.evearly.news\/fr\/wp-content\/uploads\/sites\/6\/2026\/01\/le-secret-service-devoile-la-nouvelle-voiture-de-donald-trump-3.jpg 50w, https:\/\/www.evearly.news\/fr\/wp-content\/uploads\/sites\/6\/2026\/01\/le-secret-service-devoile-la-nouvelle-voiture-de-donald-trump-4.jpg 640w, https:\/\/www.evearly.news\/fr\/wp-content\/uploads\/sites\/6\/2026\/01\/le-secret-service-devoile-la-nouvelle-voiture-de-donald-trump-5.jpg 1280w, https:\/\/www.presse-citron.net\/app\/uploads\/2026\/01\/Logo-Cadillac-1632x1088.jpg 1632w\" sizes=\"auto, (max-width: 1920px) 100vw, 1920px\"><\/p>\n<p>\u00c0 l&rsquo;occasion du Forum \u00e9conomique mondial de Davos, le d\u00e9partement de la S\u00e9curit\u00e9 int\u00e9rieure des \u00c9tats-Unis a d\u00e9voil\u00e9 la nouvelle monture de Donald Trump : un Cadillac Escalade \u00ab l\u00e9g\u00e8rement \u00bb modifi\u00e9.<a href=\"https:\/\/www.presse-citron.net\/secret-service-nouvelle-voiture-donald-trump\/\" target=blank> Lire la suite&#8230;<\/a><\/p>\n","protected":false},"excerpt":{"rendered":"<p>\u00c0 l&rsquo;occasion du Forum \u00e9conomique mondial de Davos, le d\u00e9partement de la S\u00e9curit\u00e9 int\u00e9rieure des \u00c9tats-Unis a d\u00e9voil\u00e9 la nouvelle monture de Donald Trump : un Cadillac Escalade \u00ab l\u00e9g\u00e8rement \u00bb modifi\u00e9&#8230;. <a class=\"continue-reading-link\" href=\"https:\/\/www.evearly.news\/fr\/le-secret-service-devoile-la-nouvelle-voiture-de-donald-trump\/\"><\/a><\/p>\n","protected":false},"author":18,"featured_media":315877,"comment_status":"closed","ping_status":"open","sticky":false,"template":"Default","format":"standard","meta":{"footnotes":""},"categories":[19],"tags":[],"class_list":["post-315876","post","type-post","status-publish","format-standard","has-post-thumbnail","hentry","category-presse-citron"],"_links":{"self":[{"href":"https:\/\/www.evearly.news\/fr\/wp-json\/wp\/v2\/posts\/315876","targetHints":{"allow":["GET"]}}],"collection":[{"href":"https:\/\/www.evearly.news\/fr\/wp-json\/wp\/v2\/posts"}],"about":[{"href":"https:\/\/www.evearly.news\/fr\/wp-json\/wp\/v2\/types\/post"}],"author":[{"embeddable":true,"href":"https:\/\/www.evearly.news\/fr\/wp-json\/wp\/v2\/users\/18"}],"replies":[{"embeddable":true,"href":"https:\/\/www.evearly.news\/fr\/wp-json\/wp\/v2\/comments?post=315876"}],"version-history":[{"count":0,"href":"https:\/\/www.evearly.news\/fr\/wp-json\/wp\/v2\/posts\/315876\/revisions"}],"wp:featuredmedia":[{"embeddable":true,"href":"https:\/\/www.evearly.news\/fr\/wp-json\/wp\/v2\/media\/315877"}],"wp:attachment":[{"href":"https:\/\/www.evearly.news\/fr\/wp-json\/wp\/v2\/media?parent=315876"}],"wp:term":[{"taxonomy":"category","embeddable":true,"href":"https:\/\/www.evearly.news\/fr\/wp-json\/wp\/v2\/categories?post=315876"},{"taxonomy":"post_tag","embeddable":true,"href":"https:\/\/www.evearly.news\/fr\/wp-json\/wp\/v2\/tags?post=315876"}],"curies":[{"name":"wp","href":"https:\/\/api.w.org\/{rel}","templated":true}]}}