{"id":315878,"date":"2026-01-23T15:53:46","date_gmt":"2026-01-23T14:53:46","guid":{"rendered":"https:\/\/www.evearly.news\/fr\/le-tesla-model-y-vient-de-sameliorer-voici-ce-qui-change-et-ce-quil-manque-encore\/"},"modified":"2026-01-23T15:53:46","modified_gmt":"2026-01-23T14:53:46","slug":"le-tesla-model-y-vient-de-sameliorer-voici-ce-qui-change-et-ce-quil-manque-encore","status":"publish","type":"post","link":"https:\/\/www.evearly.news\/fr\/le-tesla-model-y-vient-de-sameliorer-voici-ce-qui-change-et-ce-quil-manque-encore\/","title":{"rendered":"Le Tesla Model Y vient de s\u2019am\u00e9liorer : voici ce qui change (et ce qu\u2019il manque encore)"},"content":{"rendered":"<p><img width=\"1200\" height=\"675\" src=\"https:\/\/www.evearly.news\/fr\/wp-content\/uploads\/sites\/6\/2026\/01\/le-tesla-model-y-vient-de-sameliorer-voici-ce-qui-change-et-ce-quil-manque-encore.jpg\" class=\"attachment-full size-full wp-post-image\" alt=\"\" decoding=\"async\" loading=\"lazy\" \/<br \/>\nCe n&rsquo;\u00e9tait qu&rsquo;une question de temps : apr\u00e8s la Chine et les \u00c9tats-Unis, le Tesla Model Y s&rsquo;am\u00e9liore subtilement en Europe, notamment en qualit\u00e9 per\u00e7ue. Dommage : les versions 7 places et les nouvelles batteries, dont l&rsquo;arriv\u00e9e semble imminente, manquent \u00e0 l&rsquo;appel.<br \/>\n <a href=https:\/\/www.frandroid.com\/marques\/tesla\/2953415_le-tesla-model-y-vient-de-sameliorer-voici-ce-qui-change-et-ce-quil-manque-encore target='blank'>Lire la suite&#8230;<\/a><\/p>\n","protected":false},"excerpt":{"rendered":"<p>&lt;img width=&quot;1200&quot; height=&quot;675&quot; src=&quot;https:\/\/www.evearly.news\/fr\/wp-content\/uploads\/sites\/6\/2026\/01\/le-tesla-model-y-vient-de-sameliorer-voici-ce-qui-change-et-ce-quil-manque-encore.jpg&quot; class=&quot;attachment-full size-full wp-post-image&quot; alt=&quot;&quot; decoding=&quot;async&quot; loading=&quot;lazy&quot; \/<br \/>\nCe n&rsquo;\u00e9tait qu&rsquo;une question de temps : apr\u00e8s la Chine et les \u00c9tats-Unis, le Tesla Model Y s&rsquo;am\u00e9liore subtilement en Europe, notamment en qualit\u00e9 per\u00e7ue. Dommage : les versions 7 places et les nouvelles batteries, dont l&rsquo;arriv\u00e9e semble imminente, manquent \u00e0 l&rsquo;appel.\n<\/p>\n<p> <a class=\"continue-reading-link\" href=\"https:\/\/www.evearly.news\/fr\/le-tesla-model-y-vient-de-sameliorer-voici-ce-qui-change-et-ce-quil-manque-encore\/\"><\/a><\/p>\n","protected":false},"author":6,"featured_media":315879,"comment_status":"closed","ping_status":"open","sticky":false,"template":"Default","format":"standard","meta":{"footnotes":""},"categories":[14],"tags":[],"class_list":["post-315878","post","type-post","status-publish","format-standard","has-post-thumbnail","hentry","category-frandroid"],"_links":{"self":[{"href":"https:\/\/www.evearly.news\/fr\/wp-json\/wp\/v2\/posts\/315878","targetHints":{"allow":["GET"]}}],"collection":[{"href":"https:\/\/www.evearly.news\/fr\/wp-json\/wp\/v2\/posts"}],"about":[{"href":"https:\/\/www.evearly.news\/fr\/wp-json\/wp\/v2\/types\/post"}],"author":[{"embeddable":true,"href":"https:\/\/www.evearly.news\/fr\/wp-json\/wp\/v2\/users\/6"}],"replies":[{"embeddable":true,"href":"https:\/\/www.evearly.news\/fr\/wp-json\/wp\/v2\/comments?post=315878"}],"version-history":[{"count":0,"href":"https:\/\/www.evearly.news\/fr\/wp-json\/wp\/v2\/posts\/315878\/revisions"}],"wp:featuredmedia":[{"embeddable":true,"href":"https:\/\/www.evearly.news\/fr\/wp-json\/wp\/v2\/media\/315879"}],"wp:attachment":[{"href":"https:\/\/www.evearly.news\/fr\/wp-json\/wp\/v2\/media?parent=315878"}],"wp:term":[{"taxonomy":"category","embeddable":true,"href":"https:\/\/www.evearly.news\/fr\/wp-json\/wp\/v2\/categories?post=315878"},{"taxonomy":"post_tag","embeddable":true,"href":"https:\/\/www.evearly.news\/fr\/wp-json\/wp\/v2\/tags?post=315878"}],"curies":[{"name":"wp","href":"https:\/\/api.w.org\/{rel}","templated":true}]}}