{"id":315880,"date":"2026-01-23T16:03:02","date_gmt":"2026-01-23T15:03:02","guid":{"rendered":"https:\/\/www.evearly.news\/fr\/la-voiture-electrique-une-nouvelle-excuse-surprenante-pour-ne-pas-voir-sa-belle-mere\/"},"modified":"2026-01-23T16:03:02","modified_gmt":"2026-01-23T15:03:02","slug":"la-voiture-electrique-une-nouvelle-excuse-surprenante-pour-ne-pas-voir-sa-belle-mere","status":"publish","type":"post","link":"https:\/\/www.evearly.news\/fr\/la-voiture-electrique-une-nouvelle-excuse-surprenante-pour-ne-pas-voir-sa-belle-mere\/","title":{"rendered":"La voiture \u00e9lectrique, une nouvelle excuse surprenante pour ne pas voir sa belle-m\u00e8re ?"},"content":{"rendered":"<p><img decoding=\"async\" width=\"500\" height=\"333\" src=\"https:\/\/www.evearly.news\/fr\/wp-content\/uploads\/sites\/6\/2026\/01\/la-voiture-electrique-une-nouvelle-excuse-surprenante-pour-ne-pas-voir-sa-belle-mere.jpg\" class=\"attachment-1200x800 size-1200x800 wp-post-image\" alt=\"\" loading=\"lazy\" srcset=\"https:\/\/www.evearly.news\/fr\/wp-content\/uploads\/sites\/6\/2026\/01\/la-voiture-electrique-une-nouvelle-excuse-surprenante-pour-ne-pas-voir-sa-belle-mere.jpg 1200w, https:\/\/www.evearly.news\/fr\/wp-content\/uploads\/sites\/6\/2026\/01\/la-voiture-electrique-une-nouvelle-excuse-surprenante-pour-ne-pas-voir-sa-belle-mere-1.jpg 1024w, https:\/\/www.evearly.news\/fr\/wp-content\/uploads\/sites\/6\/2026\/01\/la-voiture-electrique-une-nouvelle-excuse-surprenante-pour-ne-pas-voir-sa-belle-mere-2.jpg 140w, https:\/\/www.evearly.news\/fr\/wp-content\/uploads\/sites\/6\/2026\/01\/la-voiture-electrique-une-nouvelle-excuse-surprenante-pour-ne-pas-voir-sa-belle-mere-3.jpg 768w, https:\/\/www.evearly.news\/fr\/wp-content\/uploads\/sites\/6\/2026\/01\/la-voiture-electrique-une-nouvelle-excuse-surprenante-pour-ne-pas-voir-sa-belle-mere-4.jpg 700w, https:\/\/www.evearly.news\/fr\/wp-content\/uploads\/sites\/6\/2026\/01\/la-voiture-electrique-une-nouvelle-excuse-surprenante-pour-ne-pas-voir-sa-belle-mere-5.jpg 960w, https:\/\/cdn.automobile-propre.com\/uploads\/2026\/01\/Voiture-lectrique-chargeant-2--100x66.jpg 100w\" sizes=\"auto, (max-width: 1200px) 100vw, 1200px\" \/><br \/>\nAvec l&rsquo;arriv\u00e9e de la voiture \u00e9lectrique dans les foyers, les comportements \u00e9voluent. Ford a men\u00e9 une enqu\u00eate au niveau europ\u00e9en\u2026\u00a0<a href=https:\/\/www.automobile-propre.com\/articles\/la-voiture-electrique-une-nouvelle-excuse-pour-ne-pas-voir-sa-belle-mere\/ target='bwindow'>Lire la suite&#8230;<\/a><\/p>\n","protected":false},"excerpt":{"rendered":"<p>&#8230; <a class=\"continue-reading-link\" href=\"https:\/\/www.evearly.news\/fr\/la-voiture-electrique-une-nouvelle-excuse-surprenante-pour-ne-pas-voir-sa-belle-mere\/\"><\/a><\/p>\n","protected":false},"author":8,"featured_media":315881,"comment_status":"closed","ping_status":"open","sticky":false,"template":"Default","format":"standard","meta":{"footnotes":""},"categories":[8],"tags":[],"class_list":["post-315880","post","type-post","status-publish","format-standard","has-post-thumbnail","hentry","category-automobile-propre"],"_links":{"self":[{"href":"https:\/\/www.evearly.news\/fr\/wp-json\/wp\/v2\/posts\/315880","targetHints":{"allow":["GET"]}}],"collection":[{"href":"https:\/\/www.evearly.news\/fr\/wp-json\/wp\/v2\/posts"}],"about":[{"href":"https:\/\/www.evearly.news\/fr\/wp-json\/wp\/v2\/types\/post"}],"author":[{"embeddable":true,"href":"https:\/\/www.evearly.news\/fr\/wp-json\/wp\/v2\/users\/8"}],"replies":[{"embeddable":true,"href":"https:\/\/www.evearly.news\/fr\/wp-json\/wp\/v2\/comments?post=315880"}],"version-history":[{"count":0,"href":"https:\/\/www.evearly.news\/fr\/wp-json\/wp\/v2\/posts\/315880\/revisions"}],"wp:featuredmedia":[{"embeddable":true,"href":"https:\/\/www.evearly.news\/fr\/wp-json\/wp\/v2\/media\/315881"}],"wp:attachment":[{"href":"https:\/\/www.evearly.news\/fr\/wp-json\/wp\/v2\/media?parent=315880"}],"wp:term":[{"taxonomy":"category","embeddable":true,"href":"https:\/\/www.evearly.news\/fr\/wp-json\/wp\/v2\/categories?post=315880"},{"taxonomy":"post_tag","embeddable":true,"href":"https:\/\/www.evearly.news\/fr\/wp-json\/wp\/v2\/tags?post=315880"}],"curies":[{"name":"wp","href":"https:\/\/api.w.org\/{rel}","templated":true}]}}