{"id":315882,"date":"2026-01-23T15:38:01","date_gmt":"2026-01-23T14:38:01","guid":{"rendered":"https:\/\/www.evearly.news\/fr\/on-setait-moque-de-volkswagen-sur-lelectrique-mais-ses-ventes-nont-plus-rien-de-ridicule\/"},"modified":"2026-01-23T15:38:01","modified_gmt":"2026-01-23T14:38:01","slug":"on-setait-moque-de-volkswagen-sur-lelectrique-mais-ses-ventes-nont-plus-rien-de-ridicule","status":"publish","type":"post","link":"https:\/\/www.evearly.news\/fr\/on-setait-moque-de-volkswagen-sur-lelectrique-mais-ses-ventes-nont-plus-rien-de-ridicule\/","title":{"rendered":"On s\u2019\u00e9tait moqu\u00e9 de Volkswagen sur l\u2019\u00e9lectrique mais ses ventes n\u2019ont plus rien de ridicule"},"content":{"rendered":"<p><img decoding=\"async\" src=\"https:\/\/www.evearly.news\/fr\/wp-content\/uploads\/sites\/6\/2026\/01\/on-setait-moque-de-volkswagen-sur-lelectrique-mais-ses-ventes-nont-plus-rien-de-ridicule.jpg\" alt=\"caradisiac\" ><br \/>Quand on se souvient du lancement catastrophique de la Volkswagen ID.3, les r\u00e9sultats de ventes des voitures \u00e9lectriques du constructeur allemand en Europe sur l\u2019ann\u00e9e 2025 paraissent presque miraculeux. \u00c9videmment, ils doivent beaucoup aux grosses remises que pratique d\u00e9sormais le constructeur. <a href=https:\/\/www.caradisiac.com\/on-s-etait-moque-de-volkswagen-sur-l-electrique-mais-ses-ventes-n-ont-plus-rien-de-ridicule-219960.htm#xtor=RSS-40 target=blank>Lire la suite&#8230;<\/a><\/p>\n","protected":false},"excerpt":{"rendered":"<p><img decoding=\"async\" src=\"https:\/\/www.evearly.news\/fr\/wp-content\/uploads\/sites\/6\/2026\/01\/on-setait-moque-de-volkswagen-sur-lelectrique-mais-ses-ventes-nont-plus-rien-de-ridicule.jpg\" alt=\"caradisiac\"><br \/>Quand on se souvient du lancement catastrophique de la Volkswagen ID.3, les r\u00e9sultats de ventes des voitures \u00e9lectriques du constructeur allemand en Europe sur l\u2019ann\u00e9e 2025 paraissent presque miraculeux. \u00c9videmment, ils doivent beaucoup aux grosses remises que pratique d\u00e9sormais le constructeur.<\/p>\n<p> <a class=\"continue-reading-link\" href=\"https:\/\/www.evearly.news\/fr\/on-setait-moque-de-volkswagen-sur-lelectrique-mais-ses-ventes-nont-plus-rien-de-ridicule\/\"><\/a><\/p>\n","protected":false},"author":11,"featured_media":315883,"comment_status":"closed","ping_status":"open","sticky":false,"template":"Default","format":"standard","meta":{"footnotes":""},"categories":[11],"tags":[],"class_list":["post-315882","post","type-post","status-publish","format-standard","has-post-thumbnail","hentry","category-caradisiac"],"_links":{"self":[{"href":"https:\/\/www.evearly.news\/fr\/wp-json\/wp\/v2\/posts\/315882","targetHints":{"allow":["GET"]}}],"collection":[{"href":"https:\/\/www.evearly.news\/fr\/wp-json\/wp\/v2\/posts"}],"about":[{"href":"https:\/\/www.evearly.news\/fr\/wp-json\/wp\/v2\/types\/post"}],"author":[{"embeddable":true,"href":"https:\/\/www.evearly.news\/fr\/wp-json\/wp\/v2\/users\/11"}],"replies":[{"embeddable":true,"href":"https:\/\/www.evearly.news\/fr\/wp-json\/wp\/v2\/comments?post=315882"}],"version-history":[{"count":0,"href":"https:\/\/www.evearly.news\/fr\/wp-json\/wp\/v2\/posts\/315882\/revisions"}],"wp:featuredmedia":[{"embeddable":true,"href":"https:\/\/www.evearly.news\/fr\/wp-json\/wp\/v2\/media\/315883"}],"wp:attachment":[{"href":"https:\/\/www.evearly.news\/fr\/wp-json\/wp\/v2\/media?parent=315882"}],"wp:term":[{"taxonomy":"category","embeddable":true,"href":"https:\/\/www.evearly.news\/fr\/wp-json\/wp\/v2\/categories?post=315882"},{"taxonomy":"post_tag","embeddable":true,"href":"https:\/\/www.evearly.news\/fr\/wp-json\/wp\/v2\/tags?post=315882"}],"curies":[{"name":"wp","href":"https:\/\/api.w.org\/{rel}","templated":true}]}}