{"id":315886,"date":"2026-01-23T17:30:52","date_gmt":"2026-01-23T16:30:52","guid":{"rendered":"https:\/\/www.evearly.news\/fr\/le-premier-suv-electrique-de-volkswagen-va-reprendre-un-nom-connu-pour-faire-oublier-ses-debuts-difficiles\/"},"modified":"2026-01-23T17:30:52","modified_gmt":"2026-01-23T16:30:52","slug":"le-premier-suv-electrique-de-volkswagen-va-reprendre-un-nom-connu-pour-faire-oublier-ses-debuts-difficiles","status":"publish","type":"post","link":"https:\/\/www.evearly.news\/fr\/le-premier-suv-electrique-de-volkswagen-va-reprendre-un-nom-connu-pour-faire-oublier-ses-debuts-difficiles\/","title":{"rendered":"Le premier SUV \u00e9lectrique de Volkswagen va reprendre un nom connu pour faire oublier ses d\u00e9buts difficiles"},"content":{"rendered":"<div class=\"media_block\"><img decoding=\"async\" src=\"https:\/\/www.evearly.news\/fr\/wp-content\/uploads\/sites\/6\/2026\/01\/le-premier-suv-electrique-de-volkswagen-va-reprendre-un-nom-connu-pour-faire-oublier-ses-debuts-difficiles.jpg\"><\/div>\n<p>Apr\u00e8s des d\u00e9buts difficiles, le SUV compact \u00e9lectrique, Volkswagen ID.4 tentera de rectifier le tir en r\u00e9pondant point par point aux griefs de la client\u00e8le \u00e0 l\u2019aide d\u2019un restylage pr\u00e9vu pour la fin de l\u2019ann\u00e9e. Outre une plastique revue en profondeur, une ergonomie renouant avec le bon sens et surtout avec des boutons, le v\u00e9hicule changera \u00e9galement de nom. Le nouveau patronyme vient d\u2019\u00eatre officialis\u00e9 mais pas par la voie officielle. Apr\u00e8s le facelift, le Volkswagen ID.4 deviendra l\u2019ID.Tiguan. <a href=https:\/\/www.automobile-magazine.fr\/scoops\/article\/50802-le-premier-suv-electrique-de-volkswagen-va-reprendre-un-nom-connu-pour-faire-oublier-ses-debuts-difficiles target='bwindow'>Lire la suite&#8230;<\/a><\/p>\n","protected":false},"excerpt":{"rendered":"<div class=\"media_block\"><img decoding=\"async\" src=\"https:\/\/www.evearly.news\/fr\/wp-content\/uploads\/sites\/6\/2026\/01\/le-premier-suv-electrique-de-volkswagen-va-reprendre-un-nom-connu-pour-faire-oublier-ses-debuts-difficiles.jpg\"><\/div>\n<p> <a class=\"continue-reading-link\" href=\"https:\/\/www.evearly.news\/fr\/le-premier-suv-electrique-de-volkswagen-va-reprendre-un-nom-connu-pour-faire-oublier-ses-debuts-difficiles\/\"><\/a><\/p>\n","protected":false},"author":7,"featured_media":315887,"comment_status":"closed","ping_status":"open","sticky":false,"template":"Default","format":"standard","meta":{"footnotes":""},"categories":[7],"tags":[],"class_list":["post-315886","post","type-post","status-publish","format-standard","has-post-thumbnail","hentry","category-automobile-magazine"],"_links":{"self":[{"href":"https:\/\/www.evearly.news\/fr\/wp-json\/wp\/v2\/posts\/315886","targetHints":{"allow":["GET"]}}],"collection":[{"href":"https:\/\/www.evearly.news\/fr\/wp-json\/wp\/v2\/posts"}],"about":[{"href":"https:\/\/www.evearly.news\/fr\/wp-json\/wp\/v2\/types\/post"}],"author":[{"embeddable":true,"href":"https:\/\/www.evearly.news\/fr\/wp-json\/wp\/v2\/users\/7"}],"replies":[{"embeddable":true,"href":"https:\/\/www.evearly.news\/fr\/wp-json\/wp\/v2\/comments?post=315886"}],"version-history":[{"count":0,"href":"https:\/\/www.evearly.news\/fr\/wp-json\/wp\/v2\/posts\/315886\/revisions"}],"wp:featuredmedia":[{"embeddable":true,"href":"https:\/\/www.evearly.news\/fr\/wp-json\/wp\/v2\/media\/315887"}],"wp:attachment":[{"href":"https:\/\/www.evearly.news\/fr\/wp-json\/wp\/v2\/media?parent=315886"}],"wp:term":[{"taxonomy":"category","embeddable":true,"href":"https:\/\/www.evearly.news\/fr\/wp-json\/wp\/v2\/categories?post=315886"},{"taxonomy":"post_tag","embeddable":true,"href":"https:\/\/www.evearly.news\/fr\/wp-json\/wp\/v2\/tags?post=315886"}],"curies":[{"name":"wp","href":"https:\/\/api.w.org\/{rel}","templated":true}]}}