{"id":315890,"date":"2026-01-23T18:50:04","date_gmt":"2026-01-23T17:50:04","guid":{"rendered":"https:\/\/www.evearly.news\/fr\/future-bmw-serie-4-coupe-bel-et-bien-reconduite-en-thermique-mais-egalement-convertie-a-lelectricite\/"},"modified":"2026-01-23T18:50:04","modified_gmt":"2026-01-23T17:50:04","slug":"future-bmw-serie-4-coupe-bel-et-bien-reconduite-en-thermique-mais-egalement-convertie-a-lelectricite","status":"publish","type":"post","link":"https:\/\/www.evearly.news\/fr\/future-bmw-serie-4-coupe-bel-et-bien-reconduite-en-thermique-mais-egalement-convertie-a-lelectricite\/","title":{"rendered":"Future BMW S\u00e9rie 4 coup\u00e9 : bel et bien reconduite en thermique, mais \u00e9galement convertie \u00e0 l\u2019\u00e9lectricit\u00e9"},"content":{"rendered":"<p><img decoding=\"async\" src=\"https:\/\/www.evearly.news\/fr\/wp-content\/uploads\/sites\/6\/2026\/01\/future-bmw-serie-4-coupe-bel-et-bien-reconduite-en-thermique-mais-egalement-convertie-a-lelectricite.webp\" alt=\"auto-moto\"><br \/>Dans la famille BMW S\u00e9rie 4, le coup\u00e9 \u00e9chappait encore \u00e0 l\u2019\u00e9lectrification totale, contrairement \u00e0 la prochaine g\u00e9n\u00e9ration. Pour autant des d\u00e9riv\u00e9s thermiques, certainement hybrid\u00e9s, seront maintenus. <a href=https:\/\/www.auto-moto.com\/sportive\/future-bmw-serie-4-coupe-bel-et-bien-reconduite-en-thermique-mais-egalement-convertie-a-lelectricite-68669 target=blank>Lire la suite&#8230;<\/a><\/p>\n","protected":false},"excerpt":{"rendered":"<p>Dans la famille BMW S\u00e9rie 4, le coup\u00e9 \u00e9chappait encore \u00e0 l\u2019\u00e9lectrification totale, contrairement \u00e0 la prochaine g\u00e9n\u00e9ration. Pour autant des d\u00e9riv\u00e9s thermiques, certainement hybrid\u00e9s, seront maintenus&#8230;. <a class=\"continue-reading-link\" href=\"https:\/\/www.evearly.news\/fr\/future-bmw-serie-4-coupe-bel-et-bien-reconduite-en-thermique-mais-egalement-convertie-a-lelectricite\/\"><\/a><\/p>\n","protected":false},"author":9,"featured_media":315891,"comment_status":"closed","ping_status":"open","sticky":false,"template":"Default","format":"standard","meta":{"footnotes":""},"categories":[10],"tags":[],"class_list":["post-315890","post","type-post","status-publish","format-standard","has-post-thumbnail","hentry","category-auto-moto-com"],"_links":{"self":[{"href":"https:\/\/www.evearly.news\/fr\/wp-json\/wp\/v2\/posts\/315890","targetHints":{"allow":["GET"]}}],"collection":[{"href":"https:\/\/www.evearly.news\/fr\/wp-json\/wp\/v2\/posts"}],"about":[{"href":"https:\/\/www.evearly.news\/fr\/wp-json\/wp\/v2\/types\/post"}],"author":[{"embeddable":true,"href":"https:\/\/www.evearly.news\/fr\/wp-json\/wp\/v2\/users\/9"}],"replies":[{"embeddable":true,"href":"https:\/\/www.evearly.news\/fr\/wp-json\/wp\/v2\/comments?post=315890"}],"version-history":[{"count":0,"href":"https:\/\/www.evearly.news\/fr\/wp-json\/wp\/v2\/posts\/315890\/revisions"}],"wp:featuredmedia":[{"embeddable":true,"href":"https:\/\/www.evearly.news\/fr\/wp-json\/wp\/v2\/media\/315891"}],"wp:attachment":[{"href":"https:\/\/www.evearly.news\/fr\/wp-json\/wp\/v2\/media?parent=315890"}],"wp:term":[{"taxonomy":"category","embeddable":true,"href":"https:\/\/www.evearly.news\/fr\/wp-json\/wp\/v2\/categories?post=315890"},{"taxonomy":"post_tag","embeddable":true,"href":"https:\/\/www.evearly.news\/fr\/wp-json\/wp\/v2\/tags?post=315890"}],"curies":[{"name":"wp","href":"https:\/\/api.w.org\/{rel}","templated":true}]}}