{"id":315901,"date":"2026-01-24T09:22:04","date_gmt":"2026-01-24T08:22:04","guid":{"rendered":"https:\/\/www.evearly.news\/fr\/volvo-enfin-sauve-deux-piliers-de-la-marque-sont-de-retour\/"},"modified":"2026-01-24T09:22:04","modified_gmt":"2026-01-24T08:22:04","slug":"volvo-enfin-sauve-deux-piliers-de-la-marque-sont-de-retour","status":"publish","type":"post","link":"https:\/\/www.evearly.news\/fr\/volvo-enfin-sauve-deux-piliers-de-la-marque-sont-de-retour\/","title":{"rendered":"Volvo enfin sauv\u00e9\u00a0? Deux piliers de la marque sont de retour"},"content":{"rendered":"<p><img width=\"1920\" height=\"1279\" src=\"https:\/\/www.evearly.news\/fr\/wp-content\/uploads\/sites\/6\/2026\/01\/volvo-enfin-sauve-deux-piliers-de-la-marque-sont-de-retour.jpg\" class=\"attachment-full size-full wp-post-image\" alt=\"Volvo Nouveau Depart 2026 Direction\" decoding=\"async\" loading=\"lazy\" srcset=\"https:\/\/www.evearly.news\/fr\/wp-content\/uploads\/sites\/6\/2026\/01\/volvo-enfin-sauve-deux-piliers-de-la-marque-sont-de-retour.jpg 1920w, https:\/\/www.evearly.news\/fr\/wp-content\/uploads\/sites\/6\/2026\/01\/volvo-enfin-sauve-deux-piliers-de-la-marque-sont-de-retour-1.jpg 384w, https:\/\/www.evearly.news\/fr\/wp-content\/uploads\/sites\/6\/2026\/01\/volvo-enfin-sauve-deux-piliers-de-la-marque-sont-de-retour-2.jpg 880w, https:\/\/www.evearly.news\/fr\/wp-content\/uploads\/sites\/6\/2026\/01\/volvo-enfin-sauve-deux-piliers-de-la-marque-sont-de-retour-3.jpg 50w, https:\/\/www.evearly.news\/fr\/wp-content\/uploads\/sites\/6\/2026\/01\/volvo-enfin-sauve-deux-piliers-de-la-marque-sont-de-retour-4.jpg 640w, https:\/\/www.evearly.news\/fr\/wp-content\/uploads\/sites\/6\/2026\/01\/volvo-enfin-sauve-deux-piliers-de-la-marque-sont-de-retour-5.jpg 1280w, https:\/\/www.presse-citron.net\/app\/uploads\/2026\/01\/volvo-nouveau-depart-2026-direction-1632x1087.jpg 1632w\" sizes=\"auto, (max-width: 1920px) 100vw, 1920px\"><\/p>\n<p>La pr\u00e9sentation du nouveau SUV EX60 \u00e0 Stockholm a \u00e9t\u00e9 plus qu\u2019un simple lancement\u202f: elle a servi \u00e0 rassurer sur l\u2019avenir de Volvo, marqu\u00e9 par le retour de deux figures embl\u00e9matiques de la marque. L\u2019ancien patron H\u00e5kan Samuelsson est de retour aux commandes, tout comme le c\u00e9l\u00e8bre designer Thomas Ingenlath, a qui l\u2019on doit le style moderne du constructeur su\u00e9dois.<a href=\"https:\/\/www.presse-citron.net\/volvo-enfin-sauve-deux-piliers-de-la-marque-sont-de-retour-ingenlath-samuelsson\/\" target=blank> Lire la suite&#8230;<\/a><\/p>\n","protected":false},"excerpt":{"rendered":"<p>La pr\u00e9sentation du nouveau SUV EX60 \u00e0 Stockholm a \u00e9t\u00e9 plus qu\u2019un simple lancement\u202f: elle a servi \u00e0 rassurer sur l\u2019avenir de Volvo, marqu\u00e9 par le retour de deux figures embl\u00e9matiques de la marque. L\u2019ancien patron H\u00e5kan Samuelsson est de retour aux commandes, tout comme le c\u00e9l\u00e8bre designer Thomas Ingenlath, a qui l\u2019on doit le style moderne du constructeur su\u00e9dois&#8230;. <a class=\"continue-reading-link\" href=\"https:\/\/www.evearly.news\/fr\/volvo-enfin-sauve-deux-piliers-de-la-marque-sont-de-retour\/\"><\/a><\/p>\n","protected":false},"author":18,"featured_media":315902,"comment_status":"closed","ping_status":"open","sticky":false,"template":"Default","format":"standard","meta":{"footnotes":""},"categories":[19],"tags":[],"class_list":["post-315901","post","type-post","status-publish","format-standard","has-post-thumbnail","hentry","category-presse-citron"],"_links":{"self":[{"href":"https:\/\/www.evearly.news\/fr\/wp-json\/wp\/v2\/posts\/315901","targetHints":{"allow":["GET"]}}],"collection":[{"href":"https:\/\/www.evearly.news\/fr\/wp-json\/wp\/v2\/posts"}],"about":[{"href":"https:\/\/www.evearly.news\/fr\/wp-json\/wp\/v2\/types\/post"}],"author":[{"embeddable":true,"href":"https:\/\/www.evearly.news\/fr\/wp-json\/wp\/v2\/users\/18"}],"replies":[{"embeddable":true,"href":"https:\/\/www.evearly.news\/fr\/wp-json\/wp\/v2\/comments?post=315901"}],"version-history":[{"count":0,"href":"https:\/\/www.evearly.news\/fr\/wp-json\/wp\/v2\/posts\/315901\/revisions"}],"wp:featuredmedia":[{"embeddable":true,"href":"https:\/\/www.evearly.news\/fr\/wp-json\/wp\/v2\/media\/315902"}],"wp:attachment":[{"href":"https:\/\/www.evearly.news\/fr\/wp-json\/wp\/v2\/media?parent=315901"}],"wp:term":[{"taxonomy":"category","embeddable":true,"href":"https:\/\/www.evearly.news\/fr\/wp-json\/wp\/v2\/categories?post=315901"},{"taxonomy":"post_tag","embeddable":true,"href":"https:\/\/www.evearly.news\/fr\/wp-json\/wp\/v2\/tags?post=315901"}],"curies":[{"name":"wp","href":"https:\/\/api.w.org\/{rel}","templated":true}]}}