{"id":315905,"date":"2026-01-24T10:54:25","date_gmt":"2026-01-24T09:54:25","guid":{"rendered":"https:\/\/www.evearly.news\/fr\/mazda-freine-sur-lelectrique-les-nouveaux-modeles-100-maison-retardes\/"},"modified":"2026-01-24T10:54:25","modified_gmt":"2026-01-24T09:54:25","slug":"mazda-freine-sur-lelectrique-les-nouveaux-modeles-100-maison-retardes","status":"publish","type":"post","link":"https:\/\/www.evearly.news\/fr\/mazda-freine-sur-lelectrique-les-nouveaux-modeles-100-maison-retardes\/","title":{"rendered":"Mazda freine sur l\u2019\u00e9lectrique : les nouveaux mod\u00e8les 100 % maison retard\u00e9s ?"},"content":{"rendered":"<p><img loading=\"lazy\" decoding=\"async\" width=\"500\" height=\"333\" src=\"https:\/\/cdn.automobile-propre.com\/uploads\/2026\/01\/\u00a9Nass-M.-Mazda-CX-6e-statique-14-1536x1024.jpg\" class=\"attachment-1200x800 size-1200x800 wp-post-image\" alt=\"\u00c0 bord du SUV \u00e9lectrique\" srcset=\"https:\/\/cdn.automobile-propre.com\/uploads\/2026\/01\/\u00a9Nass-M.-Mazda-CX-6e-statique-14-1536x1024.jpg 1536w, https:\/\/cdn.automobile-propre.com\/uploads\/2026\/01\/\u00a9Nass-M.-Mazda-CX-6e-statique-14-1640x1093.jpg 1640w, https:\/\/cdn.automobile-propre.com\/uploads\/2026\/01\/\u00a9Nass-M.-Mazda-CX-6e-statique-14-1024x682.jpg 1024w, https:\/\/cdn.automobile-propre.com\/uploads\/2026\/01\/\u00a9Nass-M.-Mazda-CX-6e-statique-14-140x93.jpg 140w, https:\/\/cdn.automobile-propre.com\/uploads\/2026\/01\/\u00a9Nass-M.-Mazda-CX-6e-statique-14-768x512.jpg 768w, https:\/\/cdn.automobile-propre.com\/uploads\/2026\/01\/\u00a9Nass-M.-Mazda-CX-6e-statique-14-700x467.jpg 700w, https:\/\/cdn.automobile-propre.com\/uploads\/2026\/01\/\u00a9Nass-M.-Mazda-CX-6e-statique-14-960x640.jpg 960w, https:\/\/cdn.automobile-propre.com\/uploads\/2026\/01\/\u00a9Nass-M.-Mazda-CX-6e-statique-14-100x66.jpg 100w, https:\/\/cdn.automobile-propre.com\/uploads\/2026\/01\/\u00a9Nass-M.-Mazda-CX-6e-statique-14.jpg 2000w\" sizes=\"auto, (max-width: 1200px) 100vw, 1200px\" \/><br \/>\nChangement de strat\u00e9gie chez Mazda ? Alors que la marque vient de lancer deux nouveaux mod\u00e8les 100 % \u00e9lectriques avec son partenaire chinois Changan, la suite devrait se faire attendre. La sortie des premi\u00e8res Mazda \u00e9lectriques \u00ab maison \u00bb va vraisemblablement \u00eatre repouss\u00e9e de deux ans.\u00a0<a href=https:\/\/www.automobile-propre.com\/breves\/mazda-les-premieres-voitures-electriques-sur-une-plateforme-maison-devront-attendre\/ target='bwindow'>Lire la suite&#8230;<\/a><\/p>\n","protected":false},"excerpt":{"rendered":"<p>&#8230; <a class=\"continue-reading-link\" href=\"https:\/\/www.evearly.news\/fr\/mazda-freine-sur-lelectrique-les-nouveaux-modeles-100-maison-retardes\/\"><\/a><\/p>\n","protected":false},"author":8,"featured_media":0,"comment_status":"closed","ping_status":"open","sticky":false,"template":"Default","format":"standard","meta":{"footnotes":""},"categories":[8],"tags":[],"class_list":["post-315905","post","type-post","status-publish","format-standard","hentry","category-automobile-propre"],"_links":{"self":[{"href":"https:\/\/www.evearly.news\/fr\/wp-json\/wp\/v2\/posts\/315905","targetHints":{"allow":["GET"]}}],"collection":[{"href":"https:\/\/www.evearly.news\/fr\/wp-json\/wp\/v2\/posts"}],"about":[{"href":"https:\/\/www.evearly.news\/fr\/wp-json\/wp\/v2\/types\/post"}],"author":[{"embeddable":true,"href":"https:\/\/www.evearly.news\/fr\/wp-json\/wp\/v2\/users\/8"}],"replies":[{"embeddable":true,"href":"https:\/\/www.evearly.news\/fr\/wp-json\/wp\/v2\/comments?post=315905"}],"version-history":[{"count":0,"href":"https:\/\/www.evearly.news\/fr\/wp-json\/wp\/v2\/posts\/315905\/revisions"}],"wp:attachment":[{"href":"https:\/\/www.evearly.news\/fr\/wp-json\/wp\/v2\/media?parent=315905"}],"wp:term":[{"taxonomy":"category","embeddable":true,"href":"https:\/\/www.evearly.news\/fr\/wp-json\/wp\/v2\/categories?post=315905"},{"taxonomy":"post_tag","embeddable":true,"href":"https:\/\/www.evearly.news\/fr\/wp-json\/wp\/v2\/tags?post=315905"}],"curies":[{"name":"wp","href":"https:\/\/api.w.org\/{rel}","templated":true}]}}