{"id":315908,"date":"2026-01-24T13:05:30","date_gmt":"2026-01-24T12:05:30","guid":{"rendered":"https:\/\/www.evearly.news\/fr\/temoignage-la-citroen-ami-de-jc-de-la-chaine-ev-a-passe-les-50-000-km\/"},"modified":"2026-01-24T13:05:30","modified_gmt":"2026-01-24T12:05:30","slug":"temoignage-la-citroen-ami-de-jc-de-la-chaine-ev-a-passe-les-50-000-km","status":"publish","type":"post","link":"https:\/\/www.evearly.news\/fr\/temoignage-la-citroen-ami-de-jc-de-la-chaine-ev-a-passe-les-50-000-km\/","title":{"rendered":"T\u00e9moignage : la Citro\u00ebn Ami de JC de La Cha\u00eene EV a pass\u00e9 les 50 000 km !"},"content":{"rendered":"<p><img decoding=\"async\" width=\"500\" height=\"333\" src=\"https:\/\/www.evearly.news\/fr\/wp-content\/uploads\/sites\/6\/2026\/01\/temoignage-la-citroen-ami-de-jc-de-la-chaine-ev-a-passe-les-50-000-km.jpg\" class=\"attachment-1200x800 size-1200x800 wp-post-image\" alt=\"Citro\u00ebn Ami\" loading=\"lazy\" srcset=\"https:\/\/www.evearly.news\/fr\/wp-content\/uploads\/sites\/6\/2026\/01\/temoignage-la-citroen-ami-de-jc-de-la-chaine-ev-a-passe-les-50-000-km.jpg 1200w, https:\/\/www.evearly.news\/fr\/wp-content\/uploads\/sites\/6\/2026\/01\/temoignage-la-citroen-ami-de-jc-de-la-chaine-ev-a-passe-les-50-000-km-1.jpg 1024w, https:\/\/www.evearly.news\/fr\/wp-content\/uploads\/sites\/6\/2026\/01\/temoignage-la-citroen-ami-de-jc-de-la-chaine-ev-a-passe-les-50-000-km-2.jpg 140w, https:\/\/www.evearly.news\/fr\/wp-content\/uploads\/sites\/6\/2026\/01\/temoignage-la-citroen-ami-de-jc-de-la-chaine-ev-a-passe-les-50-000-km-3.jpg 768w, https:\/\/www.evearly.news\/fr\/wp-content\/uploads\/sites\/6\/2026\/01\/temoignage-la-citroen-ami-de-jc-de-la-chaine-ev-a-passe-les-50-000-km-4.jpg 620w, https:\/\/www.evearly.news\/fr\/wp-content\/uploads\/sites\/6\/2026\/01\/temoignage-la-citroen-ami-de-jc-de-la-chaine-ev-a-passe-les-50-000-km-5.jpg 960w, https:\/\/www.evearly.news\/fr\/wp-content\/uploads\/sites\/6\/2026\/01\/temoignage-la-citroen-ami-de-jc-de-la-chaine-ev-a-passe-les-50-000-km-6.jpg 100w, https:\/\/www.evearly.news\/fr\/wp-content\/uploads\/sites\/6\/2026\/01\/temoignage-la-citroen-ami-de-jc-de-la-chaine-ev-a-passe-les-50-000-km-7.jpg 190w, https:\/\/cdn.automobile-propre.com\/uploads\/2021\/02\/APB0219_WAmi2-600x400.jpg 600w\" sizes=\"auto, (max-width: 1200px) 100vw, 1200px\" \/><br \/>\nOn n\u2019imagine pas forc\u00e9ment un quadricycle \u00e9lectrique dont la vitesse est limit\u00e9e \u00e0 45 km\/h encaisser annuellement 10 000 km\u2026\u00a0<a href=https:\/\/www.automobile-propre.com\/articles\/temoignage-la-citroen-ami-de-jc-de-la-chaine-ev-a-passe-les-50-000-km\/ target='bwindow'>Lire la suite&#8230;<\/a><\/p>\n","protected":false},"excerpt":{"rendered":"<p>&#8230; <a class=\"continue-reading-link\" href=\"https:\/\/www.evearly.news\/fr\/temoignage-la-citroen-ami-de-jc-de-la-chaine-ev-a-passe-les-50-000-km\/\"><\/a><\/p>\n","protected":false},"author":8,"featured_media":315909,"comment_status":"closed","ping_status":"open","sticky":false,"template":"Default","format":"standard","meta":{"footnotes":""},"categories":[8],"tags":[],"class_list":["post-315908","post","type-post","status-publish","format-standard","has-post-thumbnail","hentry","category-automobile-propre"],"_links":{"self":[{"href":"https:\/\/www.evearly.news\/fr\/wp-json\/wp\/v2\/posts\/315908","targetHints":{"allow":["GET"]}}],"collection":[{"href":"https:\/\/www.evearly.news\/fr\/wp-json\/wp\/v2\/posts"}],"about":[{"href":"https:\/\/www.evearly.news\/fr\/wp-json\/wp\/v2\/types\/post"}],"author":[{"embeddable":true,"href":"https:\/\/www.evearly.news\/fr\/wp-json\/wp\/v2\/users\/8"}],"replies":[{"embeddable":true,"href":"https:\/\/www.evearly.news\/fr\/wp-json\/wp\/v2\/comments?post=315908"}],"version-history":[{"count":0,"href":"https:\/\/www.evearly.news\/fr\/wp-json\/wp\/v2\/posts\/315908\/revisions"}],"wp:featuredmedia":[{"embeddable":true,"href":"https:\/\/www.evearly.news\/fr\/wp-json\/wp\/v2\/media\/315909"}],"wp:attachment":[{"href":"https:\/\/www.evearly.news\/fr\/wp-json\/wp\/v2\/media?parent=315908"}],"wp:term":[{"taxonomy":"category","embeddable":true,"href":"https:\/\/www.evearly.news\/fr\/wp-json\/wp\/v2\/categories?post=315908"},{"taxonomy":"post_tag","embeddable":true,"href":"https:\/\/www.evearly.news\/fr\/wp-json\/wp\/v2\/tags?post=315908"}],"curies":[{"name":"wp","href":"https:\/\/api.w.org\/{rel}","templated":true}]}}