{"id":315910,"date":"2026-01-24T13:15:02","date_gmt":"2026-01-24T12:15:02","guid":{"rendered":"https:\/\/www.evearly.news\/fr\/vans-amenages-un-nouveau-venu-100-electrique-pourrait-ringardiser-les-vw-california-et-mercedes-marco-polo\/"},"modified":"2026-01-24T13:15:02","modified_gmt":"2026-01-24T12:15:02","slug":"vans-amenages-un-nouveau-venu-100-electrique-pourrait-ringardiser-les-vw-california-et-mercedes-marco-polo","status":"publish","type":"post","link":"https:\/\/www.evearly.news\/fr\/vans-amenages-un-nouveau-venu-100-electrique-pourrait-ringardiser-les-vw-california-et-mercedes-marco-polo\/","title":{"rendered":"Vans am\u00e9nag\u00e9s : un nouveau venu 100% \u00e9lectrique pourrait ringardiser les VW California et Mercedes Marco Polo"},"content":{"rendered":"<div class=\"media_block\"><img decoding=\"async\" src=\"https:\/\/www.evearly.news\/fr\/wp-content\/uploads\/sites\/6\/2026\/01\/vans-amenages-un-nouveau-venu-100-electrique-pourrait-ringardiser-les-vw-california-et-mercedes-marco-polo.jpg\"><\/div>\n<p>Le grand monospace cor\u00e9en Hyundai Staria, d\u00e9clin\u00e9 sous la forme d\u2019un concept de van am\u00e9nag\u00e9 tr\u00e8s r\u00e9aliste est pr\u00e9sent\u00e9 en Allemagne lors du plus grand salon mondial d\u00e9di\u00e9 aux loisirs. Typ\u00e9 haut de gamme et anim\u00e9 par une motorisation 100% \u00e9lectrique il se paie m\u00eame le luxe de devancer les t\u00e9nors historiques de la cat\u00e9gorie que sont les Volkswagen California et Mercedes-Benz Marco Polo. Le premier ne sera pr\u00eat qu\u2019en 2030 en capitalisant sur la base de l\u2019ID.Buzz qu\u2019il faudra adapter. Le second tiendra prochainement sa parade avec le VLE. Hyundai quant \u00e0 lui est d\u00e9j\u00e0 pr\u00eat. <a href=https:\/\/www.automobile-magazine.fr\/voitures-electriques\/article\/50796-vans-amenages-un-nouveau-venu-100-electrique-pourrait-ringardiser-les-vw-california-et-mercedes-marco-polo target='bwindow'>Lire la suite&#8230;<\/a><\/p>\n","protected":false},"excerpt":{"rendered":"<div class=\"media_block\"><img decoding=\"async\" src=\"https:\/\/www.evearly.news\/fr\/wp-content\/uploads\/sites\/6\/2026\/01\/vans-amenages-un-nouveau-venu-100-electrique-pourrait-ringardiser-les-vw-california-et-mercedes-marco-polo.jpg\"><\/div>\n<p> <a class=\"continue-reading-link\" href=\"https:\/\/www.evearly.news\/fr\/vans-amenages-un-nouveau-venu-100-electrique-pourrait-ringardiser-les-vw-california-et-mercedes-marco-polo\/\"><\/a><\/p>\n","protected":false},"author":7,"featured_media":315911,"comment_status":"closed","ping_status":"open","sticky":false,"template":"Default","format":"standard","meta":{"footnotes":""},"categories":[7],"tags":[],"class_list":["post-315910","post","type-post","status-publish","format-standard","has-post-thumbnail","hentry","category-automobile-magazine"],"_links":{"self":[{"href":"https:\/\/www.evearly.news\/fr\/wp-json\/wp\/v2\/posts\/315910","targetHints":{"allow":["GET"]}}],"collection":[{"href":"https:\/\/www.evearly.news\/fr\/wp-json\/wp\/v2\/posts"}],"about":[{"href":"https:\/\/www.evearly.news\/fr\/wp-json\/wp\/v2\/types\/post"}],"author":[{"embeddable":true,"href":"https:\/\/www.evearly.news\/fr\/wp-json\/wp\/v2\/users\/7"}],"replies":[{"embeddable":true,"href":"https:\/\/www.evearly.news\/fr\/wp-json\/wp\/v2\/comments?post=315910"}],"version-history":[{"count":0,"href":"https:\/\/www.evearly.news\/fr\/wp-json\/wp\/v2\/posts\/315910\/revisions"}],"wp:featuredmedia":[{"embeddable":true,"href":"https:\/\/www.evearly.news\/fr\/wp-json\/wp\/v2\/media\/315911"}],"wp:attachment":[{"href":"https:\/\/www.evearly.news\/fr\/wp-json\/wp\/v2\/media?parent=315910"}],"wp:term":[{"taxonomy":"category","embeddable":true,"href":"https:\/\/www.evearly.news\/fr\/wp-json\/wp\/v2\/categories?post=315910"},{"taxonomy":"post_tag","embeddable":true,"href":"https:\/\/www.evearly.news\/fr\/wp-json\/wp\/v2\/tags?post=315910"}],"curies":[{"name":"wp","href":"https:\/\/api.w.org\/{rel}","templated":true}]}}