{"id":315916,"date":"2026-01-24T16:52:17","date_gmt":"2026-01-24T15:52:17","guid":{"rendered":"https:\/\/www.evearly.news\/fr\/avec-le-staria-hyundai-se-reve-en-pionnier-de-la-vanlife-electrique-en-europe\/"},"modified":"2026-01-24T16:52:17","modified_gmt":"2026-01-24T15:52:17","slug":"avec-le-staria-hyundai-se-reve-en-pionnier-de-la-vanlife-electrique-en-europe","status":"publish","type":"post","link":"https:\/\/www.evearly.news\/fr\/avec-le-staria-hyundai-se-reve-en-pionnier-de-la-vanlife-electrique-en-europe\/","title":{"rendered":"Avec le Staria, Hyundai se r\u00eave en pionnier de la vanlife \u00e9lectrique en Europe"},"content":{"rendered":"<p><img loading=\"lazy\" decoding=\"async\" width=\"500\" height=\"333\" src=\"https:\/\/www.evearly.news\/fr\/wp-content\/uploads\/sites\/6\/2026\/01\/avec-le-staria-hyundai-se-reve-en-pionnier-de-la-vanlife-electrique-en-europe.jpg\" class=\"attachment-1200x800 size-1200x800 wp-post-image\" alt=\"Hyundai Staria EV Camper\" srcset=\"https:\/\/www.evearly.news\/fr\/wp-content\/uploads\/sites\/6\/2026\/01\/avec-le-staria-hyundai-se-reve-en-pionnier-de-la-vanlife-electrique-en-europe.jpg 1024w, https:\/\/www.evearly.news\/fr\/wp-content\/uploads\/sites\/6\/2026\/01\/avec-le-staria-hyundai-se-reve-en-pionnier-de-la-vanlife-electrique-en-europe-1.jpg 768w, https:\/\/www.evearly.news\/fr\/wp-content\/uploads\/sites\/6\/2026\/01\/avec-le-staria-hyundai-se-reve-en-pionnier-de-la-vanlife-electrique-en-europe-2.jpg 700w, https:\/\/cdn.automobile-propre.com\/uploads\/2026\/01\/Hyundai_Staria-EV_Camper_01-960x554.jpg 960w\" sizes=\"auto, (max-width: 1024px) 100vw, 1024px\" \/><br \/>\nProfitant de sa version \u00e9lectrique, Hyundai souhaite ancrer son Staria sur le march\u00e9 europ\u00e9en. Il d\u00e9voile ainsi une \u00e9tude de conversion en camping-car qui pourrait voir le jour en s\u00e9rie.\u00a0<a href=https:\/\/www.automobile-propre.com\/breves\/avec-le-staria-hyundai-se-reve-en-pionnier-de-la-vanlife-electrique-en-europe\/ target='bwindow'>Lire la suite&#8230;<\/a><\/p>\n","protected":false},"excerpt":{"rendered":"<p>&#8230; <a class=\"continue-reading-link\" href=\"https:\/\/www.evearly.news\/fr\/avec-le-staria-hyundai-se-reve-en-pionnier-de-la-vanlife-electrique-en-europe\/\"><\/a><\/p>\n","protected":false},"author":8,"featured_media":315917,"comment_status":"closed","ping_status":"open","sticky":false,"template":"Default","format":"standard","meta":{"footnotes":""},"categories":[8],"tags":[],"class_list":["post-315916","post","type-post","status-publish","format-standard","has-post-thumbnail","hentry","category-automobile-propre"],"_links":{"self":[{"href":"https:\/\/www.evearly.news\/fr\/wp-json\/wp\/v2\/posts\/315916","targetHints":{"allow":["GET"]}}],"collection":[{"href":"https:\/\/www.evearly.news\/fr\/wp-json\/wp\/v2\/posts"}],"about":[{"href":"https:\/\/www.evearly.news\/fr\/wp-json\/wp\/v2\/types\/post"}],"author":[{"embeddable":true,"href":"https:\/\/www.evearly.news\/fr\/wp-json\/wp\/v2\/users\/8"}],"replies":[{"embeddable":true,"href":"https:\/\/www.evearly.news\/fr\/wp-json\/wp\/v2\/comments?post=315916"}],"version-history":[{"count":0,"href":"https:\/\/www.evearly.news\/fr\/wp-json\/wp\/v2\/posts\/315916\/revisions"}],"wp:featuredmedia":[{"embeddable":true,"href":"https:\/\/www.evearly.news\/fr\/wp-json\/wp\/v2\/media\/315917"}],"wp:attachment":[{"href":"https:\/\/www.evearly.news\/fr\/wp-json\/wp\/v2\/media?parent=315916"}],"wp:term":[{"taxonomy":"category","embeddable":true,"href":"https:\/\/www.evearly.news\/fr\/wp-json\/wp\/v2\/categories?post=315916"},{"taxonomy":"post_tag","embeddable":true,"href":"https:\/\/www.evearly.news\/fr\/wp-json\/wp\/v2\/tags?post=315916"}],"curies":[{"name":"wp","href":"https:\/\/api.w.org\/{rel}","templated":true}]}}