{"id":315922,"date":"2026-01-24T19:50:04","date_gmt":"2026-01-24T18:50:04","guid":{"rendered":"https:\/\/www.evearly.news\/fr\/renault-megane-look-denfer-et-recharge-ultra-rapide-pour-la-prochaine-generation\/"},"modified":"2026-01-24T19:50:04","modified_gmt":"2026-01-24T18:50:04","slug":"renault-megane-look-denfer-et-recharge-ultra-rapide-pour-la-prochaine-generation","status":"publish","type":"post","link":"https:\/\/www.evearly.news\/fr\/renault-megane-look-denfer-et-recharge-ultra-rapide-pour-la-prochaine-generation\/","title":{"rendered":"Renault Megane : look d&rsquo;enfer et recharge ultra-rapide pour la prochaine g\u00e9n\u00e9ration !"},"content":{"rendered":"<div class=\"media_block\"><img decoding=\"async\" src=\"https:\/\/www.evearly.news\/fr\/wp-content\/uploads\/sites\/6\/2026\/01\/renault-megane-look-denfer-et-recharge-ultra-rapide-pour-la-prochaine-generation.jpg\"><\/div>\n<p>Il faudra oublier l\u2019actuelle Renault Megane E-Tech qui fut une parenth\u00e8se singuli\u00e8re dans la gamme avec un format plus petit que celui d\u2019un Captur de segment B pour cette berline crossover revendiqu\u00e9e de segment C. Sa rempla\u00e7ante attendue en 2028 remettra les pendules \u00e0 l\u2019heure en profitant d\u2019un gabarit en hausse, d\u2019une plateforme, de batteries et de machines \u00e9lectriques de nouvelle g\u00e9n\u00e9ration. Plus de puissance sous le capot et moins de temps reli\u00e9 \u00e0 la prise caract\u00e9riseront celle qui souhaitera redevenir la r\u00e9f\u00e9rence du march\u00e9. <a href=https:\/\/www.automobile-magazine.fr\/voitures-electriques\/article\/50775-renault-megane-look-denfer-et-recharge-ultra-rapide-pour-la-prochaine-generation target='bwindow'>Lire la suite&#8230;<\/a><\/p>\n","protected":false},"excerpt":{"rendered":"<div class=\"media_block\"><img decoding=\"async\" src=\"https:\/\/www.evearly.news\/fr\/wp-content\/uploads\/sites\/6\/2026\/01\/renault-megane-look-denfer-et-recharge-ultra-rapide-pour-la-prochaine-generation.jpg\"><\/div>\n<p> <a class=\"continue-reading-link\" href=\"https:\/\/www.evearly.news\/fr\/renault-megane-look-denfer-et-recharge-ultra-rapide-pour-la-prochaine-generation\/\"><\/a><\/p>\n","protected":false},"author":7,"featured_media":315923,"comment_status":"closed","ping_status":"open","sticky":false,"template":"Default","format":"standard","meta":{"footnotes":""},"categories":[7],"tags":[],"class_list":["post-315922","post","type-post","status-publish","format-standard","has-post-thumbnail","hentry","category-automobile-magazine"],"_links":{"self":[{"href":"https:\/\/www.evearly.news\/fr\/wp-json\/wp\/v2\/posts\/315922","targetHints":{"allow":["GET"]}}],"collection":[{"href":"https:\/\/www.evearly.news\/fr\/wp-json\/wp\/v2\/posts"}],"about":[{"href":"https:\/\/www.evearly.news\/fr\/wp-json\/wp\/v2\/types\/post"}],"author":[{"embeddable":true,"href":"https:\/\/www.evearly.news\/fr\/wp-json\/wp\/v2\/users\/7"}],"replies":[{"embeddable":true,"href":"https:\/\/www.evearly.news\/fr\/wp-json\/wp\/v2\/comments?post=315922"}],"version-history":[{"count":0,"href":"https:\/\/www.evearly.news\/fr\/wp-json\/wp\/v2\/posts\/315922\/revisions"}],"wp:featuredmedia":[{"embeddable":true,"href":"https:\/\/www.evearly.news\/fr\/wp-json\/wp\/v2\/media\/315923"}],"wp:attachment":[{"href":"https:\/\/www.evearly.news\/fr\/wp-json\/wp\/v2\/media?parent=315922"}],"wp:term":[{"taxonomy":"category","embeddable":true,"href":"https:\/\/www.evearly.news\/fr\/wp-json\/wp\/v2\/categories?post=315922"},{"taxonomy":"post_tag","embeddable":true,"href":"https:\/\/www.evearly.news\/fr\/wp-json\/wp\/v2\/tags?post=315922"}],"curies":[{"name":"wp","href":"https:\/\/api.w.org\/{rel}","templated":true}]}}