{"id":315936,"date":"2026-01-25T13:53:00","date_gmt":"2026-01-25T12:53:00","guid":{"rendered":"https:\/\/www.evearly.news\/fr\/temoignage-il-faut-que-xpeng-se-bouge-estime-gerard-utilisateur-dun-g6\/"},"modified":"2026-01-25T13:53:00","modified_gmt":"2026-01-25T12:53:00","slug":"temoignage-il-faut-que-xpeng-se-bouge-estime-gerard-utilisateur-dun-g6","status":"publish","type":"post","link":"https:\/\/www.evearly.news\/fr\/temoignage-il-faut-que-xpeng-se-bouge-estime-gerard-utilisateur-dun-g6\/","title":{"rendered":"T\u00e9moignage : \u00ab Il faut que XPeng se bouge ! \u00bb, estime G\u00e9rard, utilisateur d\u2019un G6"},"content":{"rendered":"<p><img decoding=\"async\" width=\"500\" height=\"333\" src=\"https:\/\/www.evearly.news\/fr\/wp-content\/uploads\/sites\/6\/2026\/01\/temoignage-il-faut-que-xpeng-se-bouge-estime-gerard-utilisateur-dun-g6.jpg\" class=\"attachment-1200x800 size-1200x800 wp-post-image\" alt=\"La XPeng G6 de G\u00e9rard\" loading=\"lazy\" srcset=\"https:\/\/www.evearly.news\/fr\/wp-content\/uploads\/sites\/6\/2026\/01\/temoignage-il-faut-que-xpeng-se-bouge-estime-gerard-utilisateur-dun-g6.jpg 1200w, https:\/\/www.evearly.news\/fr\/wp-content\/uploads\/sites\/6\/2026\/01\/temoignage-il-faut-que-xpeng-se-bouge-estime-gerard-utilisateur-dun-g6-1.jpg 1024w, https:\/\/www.evearly.news\/fr\/wp-content\/uploads\/sites\/6\/2026\/01\/temoignage-il-faut-que-xpeng-se-bouge-estime-gerard-utilisateur-dun-g6-2.jpg 140w, https:\/\/www.evearly.news\/fr\/wp-content\/uploads\/sites\/6\/2026\/01\/temoignage-il-faut-que-xpeng-se-bouge-estime-gerard-utilisateur-dun-g6-3.jpg 768w, https:\/\/www.evearly.news\/fr\/wp-content\/uploads\/sites\/6\/2026\/01\/temoignage-il-faut-que-xpeng-se-bouge-estime-gerard-utilisateur-dun-g6-4.jpg 700w, https:\/\/www.evearly.news\/fr\/wp-content\/uploads\/sites\/6\/2026\/01\/temoignage-il-faut-que-xpeng-se-bouge-estime-gerard-utilisateur-dun-g6-5.jpg 960w, https:\/\/cdn.automobile-propre.com\/uploads\/2026\/01\/APG0108_WXPengG6-100x66.jpg 100w\" sizes=\"auto, (max-width: 1200px) 100vw, 1200px\" \/><br \/>\nAyant utilis\u00e9 pr\u00e9c\u00e9demment pendant trois ans une Tesla Model Y et pu d\u00e9couvrir derni\u00e8rement en situation le FSD, G\u00e9rard trouve\u2026\u00a0<a href=https:\/\/www.automobile-propre.com\/articles\/temoignage-il-faut-que-xpeng-se-bouge-estime-gerard-utilisateur-dun-g6\/ target='bwindow'>Lire la suite&#8230;<\/a><\/p>\n","protected":false},"excerpt":{"rendered":"<p>&#8230; <a class=\"continue-reading-link\" href=\"https:\/\/www.evearly.news\/fr\/temoignage-il-faut-que-xpeng-se-bouge-estime-gerard-utilisateur-dun-g6\/\"><\/a><\/p>\n","protected":false},"author":8,"featured_media":315937,"comment_status":"closed","ping_status":"open","sticky":false,"template":"Default","format":"standard","meta":{"footnotes":""},"categories":[8],"tags":[],"class_list":["post-315936","post","type-post","status-publish","format-standard","has-post-thumbnail","hentry","category-automobile-propre"],"_links":{"self":[{"href":"https:\/\/www.evearly.news\/fr\/wp-json\/wp\/v2\/posts\/315936","targetHints":{"allow":["GET"]}}],"collection":[{"href":"https:\/\/www.evearly.news\/fr\/wp-json\/wp\/v2\/posts"}],"about":[{"href":"https:\/\/www.evearly.news\/fr\/wp-json\/wp\/v2\/types\/post"}],"author":[{"embeddable":true,"href":"https:\/\/www.evearly.news\/fr\/wp-json\/wp\/v2\/users\/8"}],"replies":[{"embeddable":true,"href":"https:\/\/www.evearly.news\/fr\/wp-json\/wp\/v2\/comments?post=315936"}],"version-history":[{"count":0,"href":"https:\/\/www.evearly.news\/fr\/wp-json\/wp\/v2\/posts\/315936\/revisions"}],"wp:featuredmedia":[{"embeddable":true,"href":"https:\/\/www.evearly.news\/fr\/wp-json\/wp\/v2\/media\/315937"}],"wp:attachment":[{"href":"https:\/\/www.evearly.news\/fr\/wp-json\/wp\/v2\/media?parent=315936"}],"wp:term":[{"taxonomy":"category","embeddable":true,"href":"https:\/\/www.evearly.news\/fr\/wp-json\/wp\/v2\/categories?post=315936"},{"taxonomy":"post_tag","embeddable":true,"href":"https:\/\/www.evearly.news\/fr\/wp-json\/wp\/v2\/tags?post=315936"}],"curies":[{"name":"wp","href":"https:\/\/api.w.org\/{rel}","templated":true}]}}