{"id":315938,"date":"2026-01-25T13:58:59","date_gmt":"2026-01-25T12:58:59","guid":{"rendered":"https:\/\/www.evearly.news\/fr\/kia-ev4-la-compacte-electrique-qui-voit-grand\/"},"modified":"2026-01-27T20:44:02","modified_gmt":"2026-01-27T19:44:02","slug":"kia-ev4-la-compacte-electrique-qui-voit-grand","status":"publish","type":"post","link":"https:\/\/www.evearly.news\/fr\/kia-ev4-la-compacte-electrique-qui-voit-grand\/","title":{"rendered":"Kia EV4 : la compacte \u00e9lectrique qui voit grand"},"content":{"rendered":"<p><img decoding=\"async\" src=\"https:\/\/electriquemag.fr\/wp-content\/uploads\/2026\/01\/10.jpg\" \/><br \/>\nAvec l\u2019EV4, Kia poursuit l\u2019\u00e9largissement de sa gamme \u00e9lectrique en s\u2019attaquant \u00e0 un segment strat\u00e9gique : celui des compactes. Mais fid\u00e8le \u00e0 sa nouvelle philosophie, le constructeur cor\u00e9en ne se contente pas de proposer un mod\u00e8le urbain classique. L\u2019EV4 affiche des dimensions g\u00e9n\u00e9reuses, une habitabilit\u00e9 \u00e9tonnante et une autonomie ambitieuse, au point de brouiller les fronti\u00e8res avec le segment des\u2026 <a href=\"https:\/\/electriquemag.fr\/kia-ev4-la-compacte-electrique-qui-voit-grand\/\" target=\"bwindow\">Lire la suite&#8230;<\/a><\/p>\n","protected":false},"excerpt":{"rendered":"<p>&#8230; <a class=\"continue-reading-link\" href=\"https:\/\/www.evearly.news\/fr\/kia-ev4-la-compacte-electrique-qui-voit-grand\/\"><\/a><\/p>\n","protected":false},"author":13,"featured_media":0,"comment_status":"closed","ping_status":"open","sticky":false,"template":"Default","format":"standard","meta":{"footnotes":""},"categories":[13],"tags":[],"class_list":["post-315938","post","type-post","status-publish","format-standard","hentry","category-electriquemag"],"_links":{"self":[{"href":"https:\/\/www.evearly.news\/fr\/wp-json\/wp\/v2\/posts\/315938","targetHints":{"allow":["GET"]}}],"collection":[{"href":"https:\/\/www.evearly.news\/fr\/wp-json\/wp\/v2\/posts"}],"about":[{"href":"https:\/\/www.evearly.news\/fr\/wp-json\/wp\/v2\/types\/post"}],"author":[{"embeddable":true,"href":"https:\/\/www.evearly.news\/fr\/wp-json\/wp\/v2\/users\/13"}],"replies":[{"embeddable":true,"href":"https:\/\/www.evearly.news\/fr\/wp-json\/wp\/v2\/comments?post=315938"}],"version-history":[{"count":1,"href":"https:\/\/www.evearly.news\/fr\/wp-json\/wp\/v2\/posts\/315938\/revisions"}],"predecessor-version":[{"id":316061,"href":"https:\/\/www.evearly.news\/fr\/wp-json\/wp\/v2\/posts\/315938\/revisions\/316061"}],"wp:attachment":[{"href":"https:\/\/www.evearly.news\/fr\/wp-json\/wp\/v2\/media?parent=315938"}],"wp:term":[{"taxonomy":"category","embeddable":true,"href":"https:\/\/www.evearly.news\/fr\/wp-json\/wp\/v2\/categories?post=315938"},{"taxonomy":"post_tag","embeddable":true,"href":"https:\/\/www.evearly.news\/fr\/wp-json\/wp\/v2\/tags?post=315938"}],"curies":[{"name":"wp","href":"https:\/\/api.w.org\/{rel}","templated":true}]}}