{"id":315943,"date":"2026-01-25T17:52:08","date_gmt":"2026-01-25T16:52:08","guid":{"rendered":"https:\/\/www.evearly.news\/fr\/le-reseau-de-recharge-prefere-des-francais-une-volvo-electrique-a-lautonomie-record-une-byd-qui-eclate-les-ventes-de-sa-categorie-renault-qui-dynamite-sa-division-ampere-et-le-canada-qui-f\/"},"modified":"2026-01-25T17:52:08","modified_gmt":"2026-01-25T16:52:08","slug":"le-reseau-de-recharge-prefere-des-francais-une-volvo-electrique-a-lautonomie-record-une-byd-qui-eclate-les-ventes-de-sa-categorie-renault-qui-dynamite-sa-division-ampere-et-le-canada-qui-f","status":"publish","type":"post","link":"https:\/\/www.evearly.news\/fr\/le-reseau-de-recharge-prefere-des-francais-une-volvo-electrique-a-lautonomie-record-une-byd-qui-eclate-les-ventes-de-sa-categorie-renault-qui-dynamite-sa-division-ampere-et-le-canada-qui-f\/","title":{"rendered":"Le r\u00e9seau de recharge pr\u00e9f\u00e9r\u00e9 des fran\u00e7ais, une Volvo \u00e9lectrique \u00e0 l\u2019autonomie record, une BYD qui \u00e9clate les ventes de sa cat\u00e9gorie, Renault qui dynamite sa division Amp\u00e8re et le Canada qui fait la paix avec la Chine\u2026 Bienvenue dans Regen n\u00b048"},"content":{"rendered":"<p><img loading=\"lazy\" decoding=\"async\" width=\"500\" height=\"333\" src=\"https:\/\/www.evearly.news\/fr\/wp-content\/uploads\/sites\/6\/2026\/01\/le-reseau-de-recharge-prefere-des-francais-une-volvo-electrique-a-lautonomie-record-une-byd-qui-eclate-les-ventes-de-sa-categorie-renault-qui-dynamite-sa-division-ampere-et-le-canada-qui-f.webp\" class=\"attachment-1200x800 size-1200x800 wp-post-image\" alt=\"Volvo EX60\" srcset=\"https:\/\/www.evearly.news\/fr\/wp-content\/uploads\/sites\/6\/2026\/01\/le-reseau-de-recharge-prefere-des-francais-une-volvo-electrique-a-lautonomie-record-une-byd-qui-eclate-les-ventes-de-sa-categorie-renault-qui-dynamite-sa-division-ampere-et-le-canada-qui-f.webp 1200w, https:\/\/www.evearly.news\/fr\/wp-content\/uploads\/sites\/6\/2026\/01\/le-reseau-de-recharge-prefere-des-francais-une-volvo-electrique-a-lautonomie-record-une-byd-qui-eclate-les-ventes-de-sa-categorie-renault-qui-dynamite-sa-division-ampere-et-le-canada-qui-f-1.webp 1024w, https:\/\/www.evearly.news\/fr\/wp-content\/uploads\/sites\/6\/2026\/01\/le-reseau-de-recharge-prefere-des-francais-une-volvo-electrique-a-lautonomie-record-une-byd-qui-eclate-les-ventes-de-sa-categorie-renault-qui-dynamite-sa-division-ampere-et-le-canada-qui-f-2.webp 768w, https:\/\/www.evearly.news\/fr\/wp-content\/uploads\/sites\/6\/2026\/01\/le-reseau-de-recharge-prefere-des-francais-une-volvo-electrique-a-lautonomie-record-une-byd-qui-eclate-les-ventes-de-sa-categorie-renault-qui-dynamite-sa-division-ampere-et-le-canada-qui-f-3.webp 700w, https:\/\/cdn.automobile-propre.com\/uploads\/2026\/01\/Volvo-EX60-960x540.webp 960w\" sizes=\"auto, (max-width: 1200px) 100vw, 1200px\" \/><br \/>\nAgenda charg\u00e9 ? Regen condense pour vous chaque dimanche l\u2019essentiel de l\u2019actualit\u00e9 automobile \u00e9lectrique en quelques lignes.\u00a0<a href=https:\/\/www.automobile-propre.com\/articles\/le-reseau-de-recharge-prefere-des-francais-une-volvo-electrique-a-lautonomie-record-une-byd-qui-eclate-les-ventes-de-sa-categorie-renault-qui-dynamite-sa-division-ampere-et-le-canada-qui-f\/ target='bwindow'>Lire la suite&#8230;<\/a><\/p>\n","protected":false},"excerpt":{"rendered":"<p>&#8230; <a class=\"continue-reading-link\" href=\"https:\/\/www.evearly.news\/fr\/le-reseau-de-recharge-prefere-des-francais-une-volvo-electrique-a-lautonomie-record-une-byd-qui-eclate-les-ventes-de-sa-categorie-renault-qui-dynamite-sa-division-ampere-et-le-canada-qui-f\/\"><\/a><\/p>\n","protected":false},"author":8,"featured_media":315944,"comment_status":"closed","ping_status":"open","sticky":false,"template":"Default","format":"standard","meta":{"footnotes":""},"categories":[8],"tags":[],"class_list":["post-315943","post","type-post","status-publish","format-standard","has-post-thumbnail","hentry","category-automobile-propre"],"_links":{"self":[{"href":"https:\/\/www.evearly.news\/fr\/wp-json\/wp\/v2\/posts\/315943","targetHints":{"allow":["GET"]}}],"collection":[{"href":"https:\/\/www.evearly.news\/fr\/wp-json\/wp\/v2\/posts"}],"about":[{"href":"https:\/\/www.evearly.news\/fr\/wp-json\/wp\/v2\/types\/post"}],"author":[{"embeddable":true,"href":"https:\/\/www.evearly.news\/fr\/wp-json\/wp\/v2\/users\/8"}],"replies":[{"embeddable":true,"href":"https:\/\/www.evearly.news\/fr\/wp-json\/wp\/v2\/comments?post=315943"}],"version-history":[{"count":0,"href":"https:\/\/www.evearly.news\/fr\/wp-json\/wp\/v2\/posts\/315943\/revisions"}],"wp:featuredmedia":[{"embeddable":true,"href":"https:\/\/www.evearly.news\/fr\/wp-json\/wp\/v2\/media\/315944"}],"wp:attachment":[{"href":"https:\/\/www.evearly.news\/fr\/wp-json\/wp\/v2\/media?parent=315943"}],"wp:term":[{"taxonomy":"category","embeddable":true,"href":"https:\/\/www.evearly.news\/fr\/wp-json\/wp\/v2\/categories?post=315943"},{"taxonomy":"post_tag","embeddable":true,"href":"https:\/\/www.evearly.news\/fr\/wp-json\/wp\/v2\/tags?post=315943"}],"curies":[{"name":"wp","href":"https:\/\/api.w.org\/{rel}","templated":true}]}}