{"id":315947,"date":"2026-01-25T19:08:14","date_gmt":"2026-01-25T18:08:14","guid":{"rendered":"https:\/\/www.evearly.news\/fr\/les-citroen-c3-electriques-doccasion-etaient-beaucoup-plus-cheres-que-les-neuves-mais-pourquoi\/"},"modified":"2026-01-25T19:08:14","modified_gmt":"2026-01-25T18:08:14","slug":"les-citroen-c3-electriques-doccasion-etaient-beaucoup-plus-cheres-que-les-neuves-mais-pourquoi","status":"publish","type":"post","link":"https:\/\/www.evearly.news\/fr\/les-citroen-c3-electriques-doccasion-etaient-beaucoup-plus-cheres-que-les-neuves-mais-pourquoi\/","title":{"rendered":"Les Citro\u00ebn C3 \u00e9lectriques d&rsquo;occasion \u00e9taient beaucoup plus ch\u00e8res que les neuves, mais pourquoi ?"},"content":{"rendered":"<div class=\"media_block\"><img decoding=\"async\" src=\"https:\/\/www.evearly.news\/fr\/wp-content\/uploads\/sites\/6\/2026\/01\/les-citroen-c3-electriques-doccasion-etaient-beaucoup-plus-cheres-que-les-neuves-mais-pourquoi.jpg\"><\/div>\n<p>Le bilan 2025 du march\u00e9 du v\u00e9hicule \u00e9lectrique d&rsquo;occasion d\u00e9voil\u00e9 par Mobilians montre une l\u00e9g\u00e8re augmentation des d\u00e9lais de revente pour les \u00e9lectriques de seconde main, qui \u00e9taient d\u00e9j\u00e0 d\u00e9tenues plus longtemps que les thermiques par les distributeurs. Mais certains mod\u00e8les commencent visiblement \u00e0 rencontrer le succ\u00e8s. Une Citro\u00ebn e-C3 \u00e9tait en moyenne plus ch\u00e8re \u00e0 l&rsquo;occasion qu&rsquo;en neuf sur le quatri\u00e8me trimestre 2025. <a href=https:\/\/www.automobile-magazine.fr\/voitures-electriques\/article\/50741-les-citroen-c3-electriques-doccasion-etaient-beaucoup-plus-cheres-que-les-neuves-mais-pourquoi target='bwindow'>Lire la suite&#8230;<\/a><\/p>\n","protected":false},"excerpt":{"rendered":"<div class=\"media_block\"><img decoding=\"async\" src=\"https:\/\/www.evearly.news\/fr\/wp-content\/uploads\/sites\/6\/2026\/01\/les-citroen-c3-electriques-doccasion-etaient-beaucoup-plus-cheres-que-les-neuves-mais-pourquoi.jpg\"><\/div>\n<p> <a class=\"continue-reading-link\" href=\"https:\/\/www.evearly.news\/fr\/les-citroen-c3-electriques-doccasion-etaient-beaucoup-plus-cheres-que-les-neuves-mais-pourquoi\/\"><\/a><\/p>\n","protected":false},"author":7,"featured_media":315948,"comment_status":"closed","ping_status":"open","sticky":false,"template":"Default","format":"standard","meta":{"footnotes":""},"categories":[7],"tags":[],"class_list":["post-315947","post","type-post","status-publish","format-standard","has-post-thumbnail","hentry","category-automobile-magazine"],"_links":{"self":[{"href":"https:\/\/www.evearly.news\/fr\/wp-json\/wp\/v2\/posts\/315947","targetHints":{"allow":["GET"]}}],"collection":[{"href":"https:\/\/www.evearly.news\/fr\/wp-json\/wp\/v2\/posts"}],"about":[{"href":"https:\/\/www.evearly.news\/fr\/wp-json\/wp\/v2\/types\/post"}],"author":[{"embeddable":true,"href":"https:\/\/www.evearly.news\/fr\/wp-json\/wp\/v2\/users\/7"}],"replies":[{"embeddable":true,"href":"https:\/\/www.evearly.news\/fr\/wp-json\/wp\/v2\/comments?post=315947"}],"version-history":[{"count":0,"href":"https:\/\/www.evearly.news\/fr\/wp-json\/wp\/v2\/posts\/315947\/revisions"}],"wp:featuredmedia":[{"embeddable":true,"href":"https:\/\/www.evearly.news\/fr\/wp-json\/wp\/v2\/media\/315948"}],"wp:attachment":[{"href":"https:\/\/www.evearly.news\/fr\/wp-json\/wp\/v2\/media?parent=315947"}],"wp:term":[{"taxonomy":"category","embeddable":true,"href":"https:\/\/www.evearly.news\/fr\/wp-json\/wp\/v2\/categories?post=315947"},{"taxonomy":"post_tag","embeddable":true,"href":"https:\/\/www.evearly.news\/fr\/wp-json\/wp\/v2\/tags?post=315947"}],"curies":[{"name":"wp","href":"https:\/\/api.w.org\/{rel}","templated":true}]}}