{"id":315949,"date":"2026-01-25T19:22:55","date_gmt":"2026-01-25T18:22:55","guid":{"rendered":"https:\/\/www.evearly.news\/fr\/catl-presente-une-batterie-sodium-ion-pour-utilitaires-taillee-pour-le-grand-froid\/"},"modified":"2026-01-25T19:22:55","modified_gmt":"2026-01-25T18:22:55","slug":"catl-presente-une-batterie-sodium-ion-pour-utilitaires-taillee-pour-le-grand-froid","status":"publish","type":"post","link":"https:\/\/www.evearly.news\/fr\/catl-presente-une-batterie-sodium-ion-pour-utilitaires-taillee-pour-le-grand-froid\/","title":{"rendered":"CATL pr\u00e9sente une batterie sodium-ion pour utilitaires taill\u00e9e pour le grand froid"},"content":{"rendered":"<p><img loading=\"lazy\" decoding=\"async\" width=\"500\" height=\"333\" src=\"https:\/\/www.evearly.news\/fr\/wp-content\/uploads\/sites\/6\/2026\/01\/catl-presente-une-batterie-sodium-ion-pour-utilitaires-taillee-pour-le-grand-froid.jpg\" class=\"attachment-1200x800 size-1200x800 wp-post-image\" alt=\"\" srcset=\"https:\/\/www.evearly.news\/fr\/wp-content\/uploads\/sites\/6\/2026\/01\/catl-presente-une-batterie-sodium-ion-pour-utilitaires-taillee-pour-le-grand-froid.jpg 1680w, https:\/\/www.evearly.news\/fr\/wp-content\/uploads\/sites\/6\/2026\/01\/catl-presente-une-batterie-sodium-ion-pour-utilitaires-taillee-pour-le-grand-froid-1.jpg 1640w, https:\/\/www.evearly.news\/fr\/wp-content\/uploads\/sites\/6\/2026\/01\/catl-presente-une-batterie-sodium-ion-pour-utilitaires-taillee-pour-le-grand-froid-2.jpg 1024w, https:\/\/www.evearly.news\/fr\/wp-content\/uploads\/sites\/6\/2026\/01\/catl-presente-une-batterie-sodium-ion-pour-utilitaires-taillee-pour-le-grand-froid-3.jpg 768w, https:\/\/www.evearly.news\/fr\/wp-content\/uploads\/sites\/6\/2026\/01\/catl-presente-une-batterie-sodium-ion-pour-utilitaires-taillee-pour-le-grand-froid-4.jpg 1536w, https:\/\/www.evearly.news\/fr\/wp-content\/uploads\/sites\/6\/2026\/01\/catl-presente-une-batterie-sodium-ion-pour-utilitaires-taillee-pour-le-grand-froid-5.jpg 623w, https:\/\/cdn.automobile-propre.com\/uploads\/2026\/01\/Batterie-sodium-ion-CATL-utilitaire-4-3-960x720.jpg 960w\" sizes=\"auto, (max-width: 1067px) 100vw, 1067px\" \/><br \/>\nCATL, g\u00e9ant mondial de la batterie, a officiellement d\u00e9voil\u00e9 cette semaine une nouvelle gamme \u00ab Tianxing II \u00bb destin\u00e9e aux\u2026\u00a0<a href=https:\/\/www.automobile-propre.com\/articles\/catl-presente-une-batterie-sodium-ion-pour-utilitaires-taillee-pour-le-grand-froid\/ target='bwindow'>Lire la suite&#8230;<\/a><\/p>\n","protected":false},"excerpt":{"rendered":"<p>&#8230; <a class=\"continue-reading-link\" href=\"https:\/\/www.evearly.news\/fr\/catl-presente-une-batterie-sodium-ion-pour-utilitaires-taillee-pour-le-grand-froid\/\"><\/a><\/p>\n","protected":false},"author":8,"featured_media":315950,"comment_status":"closed","ping_status":"open","sticky":false,"template":"Default","format":"standard","meta":{"footnotes":""},"categories":[8],"tags":[],"class_list":["post-315949","post","type-post","status-publish","format-standard","has-post-thumbnail","hentry","category-automobile-propre"],"_links":{"self":[{"href":"https:\/\/www.evearly.news\/fr\/wp-json\/wp\/v2\/posts\/315949","targetHints":{"allow":["GET"]}}],"collection":[{"href":"https:\/\/www.evearly.news\/fr\/wp-json\/wp\/v2\/posts"}],"about":[{"href":"https:\/\/www.evearly.news\/fr\/wp-json\/wp\/v2\/types\/post"}],"author":[{"embeddable":true,"href":"https:\/\/www.evearly.news\/fr\/wp-json\/wp\/v2\/users\/8"}],"replies":[{"embeddable":true,"href":"https:\/\/www.evearly.news\/fr\/wp-json\/wp\/v2\/comments?post=315949"}],"version-history":[{"count":0,"href":"https:\/\/www.evearly.news\/fr\/wp-json\/wp\/v2\/posts\/315949\/revisions"}],"wp:featuredmedia":[{"embeddable":true,"href":"https:\/\/www.evearly.news\/fr\/wp-json\/wp\/v2\/media\/315950"}],"wp:attachment":[{"href":"https:\/\/www.evearly.news\/fr\/wp-json\/wp\/v2\/media?parent=315949"}],"wp:term":[{"taxonomy":"category","embeddable":true,"href":"https:\/\/www.evearly.news\/fr\/wp-json\/wp\/v2\/categories?post=315949"},{"taxonomy":"post_tag","embeddable":true,"href":"https:\/\/www.evearly.news\/fr\/wp-json\/wp\/v2\/tags?post=315949"}],"curies":[{"name":"wp","href":"https:\/\/api.w.org\/{rel}","templated":true}]}}