{"id":315957,"date":"2026-01-26T07:00:00","date_gmt":"2026-01-26T06:00:00","guid":{"rendered":"https:\/\/www.evearly.news\/fr\/la-descendante-de-la-stratos-arrive-bientot-en-europe-elle-sera-chinoise-et-electrique\/"},"modified":"2026-01-26T07:00:00","modified_gmt":"2026-01-26T06:00:00","slug":"la-descendante-de-la-stratos-arrive-bientot-en-europe-elle-sera-chinoise-et-electrique","status":"publish","type":"post","link":"https:\/\/www.evearly.news\/fr\/la-descendante-de-la-stratos-arrive-bientot-en-europe-elle-sera-chinoise-et-electrique\/","title":{"rendered":"La descendante de la Stratos arrive bient\u00f4t en Europe. Elle sera \u00a0chinoise et \u00e9lectrique"},"content":{"rendered":"<p><img decoding=\"async\" src=\"https:\/\/www.evearly.news\/fr\/wp-content\/uploads\/sites\/6\/2026\/01\/la-descendante-de-la-stratos-arrive-bientot-en-europe-elle-sera-chinoise-et-electrique.jpg\" alt=\"caradisiac\" ><br \/>Stratos, voici un nom qui fait vibrer tous les amoureux d&rsquo;automobile. Ce mod\u00e8le cr\u00e9\u00e9 par Lancia dans les ann\u00e9es 70 et qui s&rsquo;est illustr\u00e9 notamment dans le championnat du monde des rallyes va prochainement rena\u00eetre de ses cendres, mais attention, il va y avoir du changement.\u00a0 <a href=https:\/\/www.caradisiac.com\/la-descendante-de-la-stratos-arrive-bientot-en-europe-elle-sera-chinoise-et-electrique-220036.htm#xtor=RSS-40 target=blank>Lire la suite&#8230;<\/a><\/p>\n","protected":false},"excerpt":{"rendered":"<p><img decoding=\"async\" src=\"https:\/\/www.evearly.news\/fr\/wp-content\/uploads\/sites\/6\/2026\/01\/la-descendante-de-la-stratos-arrive-bientot-en-europe-elle-sera-chinoise-et-electrique.jpg\" alt=\"caradisiac\"><br \/>Stratos, voici un nom qui fait vibrer tous les amoureux d&rsquo;automobile. Ce mod\u00e8le cr\u00e9\u00e9 par Lancia dans les ann\u00e9es 70 et qui s&rsquo;est illustr\u00e9 notamment dans le championnat du monde des rallyes va prochainement rena\u00eetre de ses cendres, mais attention, il va y avoir du changement.\u00a0<\/p>\n<p> <a class=\"continue-reading-link\" href=\"https:\/\/www.evearly.news\/fr\/la-descendante-de-la-stratos-arrive-bientot-en-europe-elle-sera-chinoise-et-electrique\/\"><\/a><\/p>\n","protected":false},"author":11,"featured_media":315958,"comment_status":"closed","ping_status":"open","sticky":false,"template":"Default","format":"standard","meta":{"footnotes":""},"categories":[11],"tags":[],"class_list":["post-315957","post","type-post","status-publish","format-standard","has-post-thumbnail","hentry","category-caradisiac"],"_links":{"self":[{"href":"https:\/\/www.evearly.news\/fr\/wp-json\/wp\/v2\/posts\/315957","targetHints":{"allow":["GET"]}}],"collection":[{"href":"https:\/\/www.evearly.news\/fr\/wp-json\/wp\/v2\/posts"}],"about":[{"href":"https:\/\/www.evearly.news\/fr\/wp-json\/wp\/v2\/types\/post"}],"author":[{"embeddable":true,"href":"https:\/\/www.evearly.news\/fr\/wp-json\/wp\/v2\/users\/11"}],"replies":[{"embeddable":true,"href":"https:\/\/www.evearly.news\/fr\/wp-json\/wp\/v2\/comments?post=315957"}],"version-history":[{"count":0,"href":"https:\/\/www.evearly.news\/fr\/wp-json\/wp\/v2\/posts\/315957\/revisions"}],"wp:featuredmedia":[{"embeddable":true,"href":"https:\/\/www.evearly.news\/fr\/wp-json\/wp\/v2\/media\/315958"}],"wp:attachment":[{"href":"https:\/\/www.evearly.news\/fr\/wp-json\/wp\/v2\/media?parent=315957"}],"wp:term":[{"taxonomy":"category","embeddable":true,"href":"https:\/\/www.evearly.news\/fr\/wp-json\/wp\/v2\/categories?post=315957"},{"taxonomy":"post_tag","embeddable":true,"href":"https:\/\/www.evearly.news\/fr\/wp-json\/wp\/v2\/tags?post=315957"}],"curies":[{"name":"wp","href":"https:\/\/api.w.org\/{rel}","templated":true}]}}