{"id":315971,"date":"2026-01-26T11:36:32","date_gmt":"2026-01-26T10:36:32","guid":{"rendered":"https:\/\/www.evearly.news\/fr\/voitures-electriques-cette-nouvelle-etude-met-fin-au-debat-sur-la-pollution\/"},"modified":"2026-01-26T11:36:32","modified_gmt":"2026-01-26T10:36:32","slug":"voitures-electriques-cette-nouvelle-etude-met-fin-au-debat-sur-la-pollution","status":"publish","type":"post","link":"https:\/\/www.evearly.news\/fr\/voitures-electriques-cette-nouvelle-etude-met-fin-au-debat-sur-la-pollution\/","title":{"rendered":"Voitures \u00e9lectriques : cette nouvelle \u00e9tude met fin au d\u00e9bat sur la pollution"},"content":{"rendered":"<p><img width=\"1200\" height=\"675\" src=\"https:\/\/www.evearly.news\/fr\/wp-content\/uploads\/sites\/6\/2026\/01\/voitures-electriques-cette-nouvelle-etude-met-fin-au-debat-sur-la-pollution.jpg\" class=\"attachment-full size-full wp-post-image\" alt=\"\" decoding=\"async\" loading=\"lazy\" \/<br \/>\nSelon une nouvelle \u00e9tude, les voitures \u00e9lectriques contribuent r\u00e9ellement \u00e0 r\u00e9duire la pollution atmosph\u00e9rique. Et tout particuli\u00e8rement la concentration de dioxyde d\u2019azote dans l\u2019atmosph\u00e8re, entra\u00eenant un b\u00e9n\u00e9fice concret pour la sant\u00e9.<br \/>\n <a href=https:\/\/www.frandroid.com\/survoltes\/voitures-electriques\/2954487_voitures-electriques-cette-nouvelle-etude-met-fin-au-debat-sur-la-pollution target='blank'>Lire la suite&#8230;<\/a><\/p>\n","protected":false},"excerpt":{"rendered":"<p>&lt;img width=&quot;1200&quot; height=&quot;675&quot; src=&quot;https:\/\/www.evearly.news\/fr\/wp-content\/uploads\/sites\/6\/2026\/01\/voitures-electriques-cette-nouvelle-etude-met-fin-au-debat-sur-la-pollution.jpg&quot; class=&quot;attachment-full size-full wp-post-image&quot; alt=&quot;&quot; decoding=&quot;async&quot; loading=&quot;lazy&quot; \/<br \/>\nSelon une nouvelle \u00e9tude, les voitures \u00e9lectriques contribuent r\u00e9ellement \u00e0 r\u00e9duire la pollution atmosph\u00e9rique. Et tout particuli\u00e8rement la concentration de dioxyde d\u2019azote dans l\u2019atmosph\u00e8re, entra\u00eenant un b\u00e9n\u00e9fice concret pour la sant\u00e9.\n<\/p>\n<p> <a class=\"continue-reading-link\" href=\"https:\/\/www.evearly.news\/fr\/voitures-electriques-cette-nouvelle-etude-met-fin-au-debat-sur-la-pollution\/\"><\/a><\/p>\n","protected":false},"author":6,"featured_media":315972,"comment_status":"closed","ping_status":"open","sticky":false,"template":"Default","format":"standard","meta":{"footnotes":""},"categories":[14],"tags":[],"class_list":["post-315971","post","type-post","status-publish","format-standard","has-post-thumbnail","hentry","category-frandroid"],"_links":{"self":[{"href":"https:\/\/www.evearly.news\/fr\/wp-json\/wp\/v2\/posts\/315971","targetHints":{"allow":["GET"]}}],"collection":[{"href":"https:\/\/www.evearly.news\/fr\/wp-json\/wp\/v2\/posts"}],"about":[{"href":"https:\/\/www.evearly.news\/fr\/wp-json\/wp\/v2\/types\/post"}],"author":[{"embeddable":true,"href":"https:\/\/www.evearly.news\/fr\/wp-json\/wp\/v2\/users\/6"}],"replies":[{"embeddable":true,"href":"https:\/\/www.evearly.news\/fr\/wp-json\/wp\/v2\/comments?post=315971"}],"version-history":[{"count":0,"href":"https:\/\/www.evearly.news\/fr\/wp-json\/wp\/v2\/posts\/315971\/revisions"}],"wp:featuredmedia":[{"embeddable":true,"href":"https:\/\/www.evearly.news\/fr\/wp-json\/wp\/v2\/media\/315972"}],"wp:attachment":[{"href":"https:\/\/www.evearly.news\/fr\/wp-json\/wp\/v2\/media?parent=315971"}],"wp:term":[{"taxonomy":"category","embeddable":true,"href":"https:\/\/www.evearly.news\/fr\/wp-json\/wp\/v2\/categories?post=315971"},{"taxonomy":"post_tag","embeddable":true,"href":"https:\/\/www.evearly.news\/fr\/wp-json\/wp\/v2\/tags?post=315971"}],"curies":[{"name":"wp","href":"https:\/\/api.w.org\/{rel}","templated":true}]}}