{"id":315973,"date":"2026-01-26T11:37:05","date_gmt":"2026-01-26T10:37:05","guid":{"rendered":"https:\/\/www.evearly.news\/fr\/apres-avoir-battu-tesla-sur-la-voiture-electrique-byd-annonce-un-plan-dattaque-massif-pour-2026\/"},"modified":"2026-01-26T11:37:05","modified_gmt":"2026-01-26T10:37:05","slug":"apres-avoir-battu-tesla-sur-la-voiture-electrique-byd-annonce-un-plan-dattaque-massif-pour-2026","status":"publish","type":"post","link":"https:\/\/www.evearly.news\/fr\/apres-avoir-battu-tesla-sur-la-voiture-electrique-byd-annonce-un-plan-dattaque-massif-pour-2026\/","title":{"rendered":"Apr\u00e8s avoir battu Tesla sur la voiture \u00e9lectrique, BYD annonce un plan d\u2019attaque massif pour 2026"},"content":{"rendered":"<p><img width=\"1200\" height=\"675\" src=\"https:\/\/www.evearly.news\/fr\/wp-content\/uploads\/sites\/6\/2026\/01\/apres-avoir-battu-tesla-sur-la-voiture-electrique-byd-annonce-un-plan-dattaque-massif-pour-2026.jpg\" class=\"attachment-full size-full wp-post-image\" alt=\"\" decoding=\"async\" loading=\"lazy\" \/<br \/>\nD\u00e9j\u00e0 leader mondial de la voiture \u00e9lectrique, le g\u00e9ant chinois BYD veut acc\u00e9l\u00e9rer la cadence. Il pr\u00e9voit d\u00e9sormais d\u2019exporter pas moins de 1,3 million de v\u00e9hicules en dehors de son pays natal en 2026.<br \/>\n <a href=https:\/\/www.frandroid.com\/marques\/byd\/2954443_apres-avoir-battu-tesla-sur-la-voiture-electrique-byd-annonce-un-plan-dattaque-massif-pour-2026 target='blank'>Lire la suite&#8230;<\/a><\/p>\n","protected":false},"excerpt":{"rendered":"<p>&lt;img width=&quot;1200&quot; height=&quot;675&quot; src=&quot;https:\/\/www.evearly.news\/fr\/wp-content\/uploads\/sites\/6\/2026\/01\/apres-avoir-battu-tesla-sur-la-voiture-electrique-byd-annonce-un-plan-dattaque-massif-pour-2026.jpg&quot; class=&quot;attachment-full size-full wp-post-image&quot; alt=&quot;&quot; decoding=&quot;async&quot; loading=&quot;lazy&quot; \/<br \/>\nD\u00e9j\u00e0 leader mondial de la voiture \u00e9lectrique, le g\u00e9ant chinois BYD veut acc\u00e9l\u00e9rer la cadence. Il pr\u00e9voit d\u00e9sormais d\u2019exporter pas moins de 1,3 million de v\u00e9hicules en dehors de son pays natal en 2026.\n<\/p>\n<p> <a class=\"continue-reading-link\" href=\"https:\/\/www.evearly.news\/fr\/apres-avoir-battu-tesla-sur-la-voiture-electrique-byd-annonce-un-plan-dattaque-massif-pour-2026\/\"><\/a><\/p>\n","protected":false},"author":6,"featured_media":315974,"comment_status":"closed","ping_status":"open","sticky":false,"template":"Default","format":"standard","meta":{"footnotes":""},"categories":[14],"tags":[],"class_list":["post-315973","post","type-post","status-publish","format-standard","has-post-thumbnail","hentry","category-frandroid"],"_links":{"self":[{"href":"https:\/\/www.evearly.news\/fr\/wp-json\/wp\/v2\/posts\/315973","targetHints":{"allow":["GET"]}}],"collection":[{"href":"https:\/\/www.evearly.news\/fr\/wp-json\/wp\/v2\/posts"}],"about":[{"href":"https:\/\/www.evearly.news\/fr\/wp-json\/wp\/v2\/types\/post"}],"author":[{"embeddable":true,"href":"https:\/\/www.evearly.news\/fr\/wp-json\/wp\/v2\/users\/6"}],"replies":[{"embeddable":true,"href":"https:\/\/www.evearly.news\/fr\/wp-json\/wp\/v2\/comments?post=315973"}],"version-history":[{"count":0,"href":"https:\/\/www.evearly.news\/fr\/wp-json\/wp\/v2\/posts\/315973\/revisions"}],"wp:featuredmedia":[{"embeddable":true,"href":"https:\/\/www.evearly.news\/fr\/wp-json\/wp\/v2\/media\/315974"}],"wp:attachment":[{"href":"https:\/\/www.evearly.news\/fr\/wp-json\/wp\/v2\/media?parent=315973"}],"wp:term":[{"taxonomy":"category","embeddable":true,"href":"https:\/\/www.evearly.news\/fr\/wp-json\/wp\/v2\/categories?post=315973"},{"taxonomy":"post_tag","embeddable":true,"href":"https:\/\/www.evearly.news\/fr\/wp-json\/wp\/v2\/tags?post=315973"}],"curies":[{"name":"wp","href":"https:\/\/api.w.org\/{rel}","templated":true}]}}