{"id":315975,"date":"2026-01-26T11:52:06","date_gmt":"2026-01-26T10:52:06","guid":{"rendered":"https:\/\/www.evearly.news\/fr\/a-peine-lances-les-nouveaux-bmw-ix3-et-mercedes-glc-cartonnent-deja\/"},"modified":"2026-01-26T11:52:06","modified_gmt":"2026-01-26T10:52:06","slug":"a-peine-lances-les-nouveaux-bmw-ix3-et-mercedes-glc-cartonnent-deja","status":"publish","type":"post","link":"https:\/\/www.evearly.news\/fr\/a-peine-lances-les-nouveaux-bmw-ix3-et-mercedes-glc-cartonnent-deja\/","title":{"rendered":"\u00c0 peine lanc\u00e9s, les nouveaux BMW iX3 et Mercedes GLC cartonnent d\u00e9j\u00e0 !"},"content":{"rendered":"<p><img decoding=\"async\" width=\"500\" height=\"333\" src=\"https:\/\/www.evearly.news\/fr\/wp-content\/uploads\/sites\/6\/2026\/01\/a-peine-lances-les-nouveaux-bmw-ix3-et-mercedes-glc-cartonnent-deja.jpg\" class=\"attachment-1200x800 size-1200x800 wp-post-image\" alt=\"\" loading=\"lazy\" srcset=\"https:\/\/www.evearly.news\/fr\/wp-content\/uploads\/sites\/6\/2026\/01\/a-peine-lances-les-nouveaux-bmw-ix3-et-mercedes-glc-cartonnent-deja.jpg 1920w, https:\/\/www.evearly.news\/fr\/wp-content\/uploads\/sites\/6\/2026\/01\/a-peine-lances-les-nouveaux-bmw-ix3-et-mercedes-glc-cartonnent-deja-1.jpg 1640w, https:\/\/www.evearly.news\/fr\/wp-content\/uploads\/sites\/6\/2026\/01\/a-peine-lances-les-nouveaux-bmw-ix3-et-mercedes-glc-cartonnent-deja-2.jpg 1024w, https:\/\/www.evearly.news\/fr\/wp-content\/uploads\/sites\/6\/2026\/01\/a-peine-lances-les-nouveaux-bmw-ix3-et-mercedes-glc-cartonnent-deja-3.jpg 768w, https:\/\/www.evearly.news\/fr\/wp-content\/uploads\/sites\/6\/2026\/01\/a-peine-lances-les-nouveaux-bmw-ix3-et-mercedes-glc-cartonnent-deja-4.jpg 1536w, https:\/\/www.evearly.news\/fr\/wp-content\/uploads\/sites\/6\/2026\/01\/a-peine-lances-les-nouveaux-bmw-ix3-et-mercedes-glc-cartonnent-deja-5.jpg 700w, https:\/\/cdn.automobile-propre.com\/uploads\/2025\/12\/BMW-iX3-2026-essai-SUV-electrique-30-960x540.jpg 960w\" sizes=\"auto, (max-width: 1200px) 100vw, 1200px\" \/><br \/>\nBMW et Mercedes font tous les deux le m\u00eame constat : leurs nouveaux SUV \u00e9lectriques s\u00e9duisent au-del\u00e0 des attentes. Cons\u00e9quence\u2026\u00a0<a href=https:\/\/www.automobile-propre.com\/articles\/a-peine-lances-les-nouveaux-bmw-ix3-et-mercedes-glc-cartonnent-deja\/ target='bwindow'>Lire la suite&#8230;<\/a><\/p>\n","protected":false},"excerpt":{"rendered":"<p>&#8230; <a class=\"continue-reading-link\" href=\"https:\/\/www.evearly.news\/fr\/a-peine-lances-les-nouveaux-bmw-ix3-et-mercedes-glc-cartonnent-deja\/\"><\/a><\/p>\n","protected":false},"author":8,"featured_media":315976,"comment_status":"closed","ping_status":"open","sticky":false,"template":"Default","format":"standard","meta":{"footnotes":""},"categories":[8],"tags":[],"class_list":["post-315975","post","type-post","status-publish","format-standard","has-post-thumbnail","hentry","category-automobile-propre"],"_links":{"self":[{"href":"https:\/\/www.evearly.news\/fr\/wp-json\/wp\/v2\/posts\/315975","targetHints":{"allow":["GET"]}}],"collection":[{"href":"https:\/\/www.evearly.news\/fr\/wp-json\/wp\/v2\/posts"}],"about":[{"href":"https:\/\/www.evearly.news\/fr\/wp-json\/wp\/v2\/types\/post"}],"author":[{"embeddable":true,"href":"https:\/\/www.evearly.news\/fr\/wp-json\/wp\/v2\/users\/8"}],"replies":[{"embeddable":true,"href":"https:\/\/www.evearly.news\/fr\/wp-json\/wp\/v2\/comments?post=315975"}],"version-history":[{"count":0,"href":"https:\/\/www.evearly.news\/fr\/wp-json\/wp\/v2\/posts\/315975\/revisions"}],"wp:featuredmedia":[{"embeddable":true,"href":"https:\/\/www.evearly.news\/fr\/wp-json\/wp\/v2\/media\/315976"}],"wp:attachment":[{"href":"https:\/\/www.evearly.news\/fr\/wp-json\/wp\/v2\/media?parent=315975"}],"wp:term":[{"taxonomy":"category","embeddable":true,"href":"https:\/\/www.evearly.news\/fr\/wp-json\/wp\/v2\/categories?post=315975"},{"taxonomy":"post_tag","embeddable":true,"href":"https:\/\/www.evearly.news\/fr\/wp-json\/wp\/v2\/tags?post=315975"}],"curies":[{"name":"wp","href":"https:\/\/api.w.org\/{rel}","templated":true}]}}