{"id":315979,"date":"2026-01-26T13:53:05","date_gmt":"2026-01-26T12:53:05","guid":{"rendered":"https:\/\/www.evearly.news\/fr\/bilan-co2-des-constructeurs-automobiles-en-2025-un-assouplissement-des-regles-etait-il-vraiment-necessaire\/"},"modified":"2026-01-26T13:53:05","modified_gmt":"2026-01-26T12:53:05","slug":"bilan-co2-des-constructeurs-automobiles-en-2025-un-assouplissement-des-regles-etait-il-vraiment-necessaire","status":"publish","type":"post","link":"https:\/\/www.evearly.news\/fr\/bilan-co2-des-constructeurs-automobiles-en-2025-un-assouplissement-des-regles-etait-il-vraiment-necessaire\/","title":{"rendered":"Bilan CO2 des constructeurs automobiles en 2025 : un assouplissement des r\u00e8gles \u00e9tait-il vraiment n\u00e9cessaire ?"},"content":{"rendered":"<p><img decoding=\"async\" width=\"500\" height=\"333\" src=\"https:\/\/cdn.automobile-propre.com\/uploads\/2026\/01\/Renault-4-E-Tech-SUV-compact-e\u0301lectrique-12.jpg\" class=\"attachment-1200x800 size-1200x800 wp-post-image\" alt=\"\" loading=\"lazy\" srcset=\"https:\/\/cdn.automobile-propre.com\/uploads\/2026\/01\/Renault-4-E-Tech-SUV-compact-e\u0301lectrique-12.jpg 2048w, https:\/\/cdn.automobile-propre.com\/uploads\/2026\/01\/Renault-4-E-Tech-SUV-compact-e\u0301lectrique-12-1640x923.jpg 1640w, https:\/\/cdn.automobile-propre.com\/uploads\/2026\/01\/Renault-4-E-Tech-SUV-compact-e\u0301lectrique-12-1024x576.jpg 1024w, https:\/\/cdn.automobile-propre.com\/uploads\/2026\/01\/Renault-4-E-Tech-SUV-compact-e\u0301lectrique-12-768x432.jpg 768w, https:\/\/cdn.automobile-propre.com\/uploads\/2026\/01\/Renault-4-E-Tech-SUV-compact-e\u0301lectrique-12-1536x864.jpg 1536w, https:\/\/cdn.automobile-propre.com\/uploads\/2026\/01\/Renault-4-E-Tech-SUV-compact-e\u0301lectrique-12-700x394.jpg 700w, https:\/\/cdn.automobile-propre.com\/uploads\/2026\/01\/Renault-4-E-Tech-SUV-compact-e\u0301lectrique-12-960x540.jpg 960w\" sizes=\"auto, (max-width: 1200px) 100vw, 1200px\" \/><br \/>\nLes constructeurs ont-ils r\u00e9ussi \u00e0 se conformer aux attentes de l&rsquo;Union sur les rejets de CO2 ? Roulements de tambour\u2026\u2026\u00a0<a href=https:\/\/www.automobile-propre.com\/articles\/bilan-des-emissions-de-co2-en-2025-un-assouplissement-des-regles-etait-il-vraiment-necessaire\/ target='bwindow'>Lire la suite&#8230;<\/a><\/p>\n","protected":false},"excerpt":{"rendered":"<p>&#8230; <a class=\"continue-reading-link\" href=\"https:\/\/www.evearly.news\/fr\/bilan-co2-des-constructeurs-automobiles-en-2025-un-assouplissement-des-regles-etait-il-vraiment-necessaire\/\"><\/a><\/p>\n","protected":false},"author":8,"featured_media":0,"comment_status":"closed","ping_status":"open","sticky":false,"template":"Default","format":"standard","meta":{"footnotes":""},"categories":[8],"tags":[],"class_list":["post-315979","post","type-post","status-publish","format-standard","hentry","category-automobile-propre"],"_links":{"self":[{"href":"https:\/\/www.evearly.news\/fr\/wp-json\/wp\/v2\/posts\/315979","targetHints":{"allow":["GET"]}}],"collection":[{"href":"https:\/\/www.evearly.news\/fr\/wp-json\/wp\/v2\/posts"}],"about":[{"href":"https:\/\/www.evearly.news\/fr\/wp-json\/wp\/v2\/types\/post"}],"author":[{"embeddable":true,"href":"https:\/\/www.evearly.news\/fr\/wp-json\/wp\/v2\/users\/8"}],"replies":[{"embeddable":true,"href":"https:\/\/www.evearly.news\/fr\/wp-json\/wp\/v2\/comments?post=315979"}],"version-history":[{"count":0,"href":"https:\/\/www.evearly.news\/fr\/wp-json\/wp\/v2\/posts\/315979\/revisions"}],"wp:attachment":[{"href":"https:\/\/www.evearly.news\/fr\/wp-json\/wp\/v2\/media?parent=315979"}],"wp:term":[{"taxonomy":"category","embeddable":true,"href":"https:\/\/www.evearly.news\/fr\/wp-json\/wp\/v2\/categories?post=315979"},{"taxonomy":"post_tag","embeddable":true,"href":"https:\/\/www.evearly.news\/fr\/wp-json\/wp\/v2\/tags?post=315979"}],"curies":[{"name":"wp","href":"https:\/\/api.w.org\/{rel}","templated":true}]}}