{"id":315986,"date":"2026-01-26T18:31:44","date_gmt":"2026-01-26T17:31:44","guid":{"rendered":"https:\/\/www.evearly.news\/fr\/un-enorme-ecart-quand-audi-et-porsche-dechantent-face-au-logiciel-rivian\/"},"modified":"2026-01-26T18:31:44","modified_gmt":"2026-01-26T17:31:44","slug":"un-enorme-ecart-quand-audi-et-porsche-dechantent-face-au-logiciel-rivian","status":"publish","type":"post","link":"https:\/\/www.evearly.news\/fr\/un-enorme-ecart-quand-audi-et-porsche-dechantent-face-au-logiciel-rivian\/","title":{"rendered":"\u00ab\u00a0Un \u00e9norme \u00e9cart\u00a0\u00bb : quand Audi et Porsche d\u00e9chantent face au logiciel Rivian"},"content":{"rendered":"<p><img loading=\"lazy\" width=\"1200\" height=\"675\" src=\"https:\/\/www.evearly.news\/fr\/wp-content\/uploads\/sites\/6\/2026\/01\/un-enorme-ecart-quand-audi-et-porsche-dechantent-face-au-logiciel-rivian.jpg\" class=\"attachment-full size-full wp-post-image\" alt=\"\" decoding=\"async\" \/<br \/>\nVous vous souvenez du soulagement de VW en signant avec Rivian ? Des fuites internes r\u00e9v\u00e8lent aujourd&rsquo;hui un logiciel incomplet, incapable de g\u00e9rer correctement une climatisation ou des assistances de conduite avanc\u00e9es. Pour Audi et Porsche,  le r\u00eave am\u00e9ricain a un go\u00fbt de code b\u00e2cl\u00e9.<br \/>\n <a href=https:\/\/www.frandroid.com\/marques\/volkswagen\/2955677_un-enorme-ecart-quand-audi-et-porsche-dechantent-face-au-logiciel-rivian target='blank'>Lire la suite&#8230;<\/a><\/p>\n","protected":false},"excerpt":{"rendered":"<p>&lt;img width=&quot;1200&quot; height=&quot;675&quot; src=&quot;https:\/\/www.evearly.news\/fr\/wp-content\/uploads\/sites\/6\/2026\/01\/un-enorme-ecart-quand-audi-et-porsche-dechantent-face-au-logiciel-rivian.jpg&quot; class=&quot;attachment-full size-full wp-post-image&quot; alt=&quot;&quot; decoding=&quot;async&quot; \/<br \/>\nVous vous souvenez du soulagement de VW en signant avec Rivian ? Des fuites internes r\u00e9v\u00e8lent aujourd&rsquo;hui un logiciel incomplet, incapable de g\u00e9rer correctement une climatisation ou des assistances de conduite avanc\u00e9es. Pour Audi et Porsche,  le r\u00eave am\u00e9ricain a un go\u00fbt de code b\u00e2cl\u00e9.\n<\/p>\n<p> <a class=\"continue-reading-link\" href=\"https:\/\/www.evearly.news\/fr\/un-enorme-ecart-quand-audi-et-porsche-dechantent-face-au-logiciel-rivian\/\"><\/a><\/p>\n","protected":false},"author":6,"featured_media":315987,"comment_status":"closed","ping_status":"open","sticky":false,"template":"Default","format":"standard","meta":{"footnotes":""},"categories":[14],"tags":[],"class_list":["post-315986","post","type-post","status-publish","format-standard","has-post-thumbnail","hentry","category-frandroid"],"_links":{"self":[{"href":"https:\/\/www.evearly.news\/fr\/wp-json\/wp\/v2\/posts\/315986","targetHints":{"allow":["GET"]}}],"collection":[{"href":"https:\/\/www.evearly.news\/fr\/wp-json\/wp\/v2\/posts"}],"about":[{"href":"https:\/\/www.evearly.news\/fr\/wp-json\/wp\/v2\/types\/post"}],"author":[{"embeddable":true,"href":"https:\/\/www.evearly.news\/fr\/wp-json\/wp\/v2\/users\/6"}],"replies":[{"embeddable":true,"href":"https:\/\/www.evearly.news\/fr\/wp-json\/wp\/v2\/comments?post=315986"}],"version-history":[{"count":0,"href":"https:\/\/www.evearly.news\/fr\/wp-json\/wp\/v2\/posts\/315986\/revisions"}],"wp:featuredmedia":[{"embeddable":true,"href":"https:\/\/www.evearly.news\/fr\/wp-json\/wp\/v2\/media\/315987"}],"wp:attachment":[{"href":"https:\/\/www.evearly.news\/fr\/wp-json\/wp\/v2\/media?parent=315986"}],"wp:term":[{"taxonomy":"category","embeddable":true,"href":"https:\/\/www.evearly.news\/fr\/wp-json\/wp\/v2\/categories?post=315986"},{"taxonomy":"post_tag","embeddable":true,"href":"https:\/\/www.evearly.news\/fr\/wp-json\/wp\/v2\/tags?post=315986"}],"curies":[{"name":"wp","href":"https:\/\/api.w.org\/{rel}","templated":true}]}}