{"id":315988,"date":"2026-01-26T19:00:04","date_gmt":"2026-01-26T18:00:04","guid":{"rendered":"https:\/\/www.evearly.news\/fr\/une-lancia-stratos-electrique-venue-de-chine-ose-sinviter-en-europe\/"},"modified":"2026-01-26T19:00:04","modified_gmt":"2026-01-26T18:00:04","slug":"une-lancia-stratos-electrique-venue-de-chine-ose-sinviter-en-europe","status":"publish","type":"post","link":"https:\/\/www.evearly.news\/fr\/une-lancia-stratos-electrique-venue-de-chine-ose-sinviter-en-europe\/","title":{"rendered":"Une Lancia Stratos \u00e9lectrique venue de Chine ose s&rsquo;inviter en Europe"},"content":{"rendered":"<div class=\"media_block\"><img decoding=\"async\" src=\"https:\/\/www.evearly.news\/fr\/wp-content\/uploads\/sites\/6\/2026\/01\/une-lancia-stratos-electrique-venue-de-chine-ose-sinviter-en-europe.jpg\"><\/div>\n<p>\u00c0 contre-courant des SUV \u00e9lectriques lourds et sur\u00e9quip\u00e9s, un petit coup\u00e9 biplace d\u2019origine chinoise s\u2019appr\u00eate \u00e0 d\u00e9barquer en Europe. L\u00e9ger, radical, assembl\u00e9 en Italie et produit \u00e0 seulement 1 000 exemplaires, le SC01 surprend autant par sa fiche technique que par son positionnement atypique. Soutenu par Xiaomi, ce projet singulier esp\u00e8re rebattre les cartes de la sportive \u00e9lectrique.\u00a0 <a href=https:\/\/www.automobile-magazine.fr\/voitures-electriques\/article\/50817-une-lancia-stratos-electrique-venue-de-chine-ose-sinviter-en-europe target='bwindow'>Lire la suite&#8230;<\/a><\/p>\n","protected":false},"excerpt":{"rendered":"<div class=\"media_block\"><img decoding=\"async\" src=\"https:\/\/www.evearly.news\/fr\/wp-content\/uploads\/sites\/6\/2026\/01\/une-lancia-stratos-electrique-venue-de-chine-ose-sinviter-en-europe.jpg\"><\/div>\n<p> <a class=\"continue-reading-link\" href=\"https:\/\/www.evearly.news\/fr\/une-lancia-stratos-electrique-venue-de-chine-ose-sinviter-en-europe\/\"><\/a><\/p>\n","protected":false},"author":7,"featured_media":315989,"comment_status":"closed","ping_status":"open","sticky":false,"template":"Default","format":"standard","meta":{"footnotes":""},"categories":[7],"tags":[],"class_list":["post-315988","post","type-post","status-publish","format-standard","has-post-thumbnail","hentry","category-automobile-magazine"],"_links":{"self":[{"href":"https:\/\/www.evearly.news\/fr\/wp-json\/wp\/v2\/posts\/315988","targetHints":{"allow":["GET"]}}],"collection":[{"href":"https:\/\/www.evearly.news\/fr\/wp-json\/wp\/v2\/posts"}],"about":[{"href":"https:\/\/www.evearly.news\/fr\/wp-json\/wp\/v2\/types\/post"}],"author":[{"embeddable":true,"href":"https:\/\/www.evearly.news\/fr\/wp-json\/wp\/v2\/users\/7"}],"replies":[{"embeddable":true,"href":"https:\/\/www.evearly.news\/fr\/wp-json\/wp\/v2\/comments?post=315988"}],"version-history":[{"count":0,"href":"https:\/\/www.evearly.news\/fr\/wp-json\/wp\/v2\/posts\/315988\/revisions"}],"wp:featuredmedia":[{"embeddable":true,"href":"https:\/\/www.evearly.news\/fr\/wp-json\/wp\/v2\/media\/315989"}],"wp:attachment":[{"href":"https:\/\/www.evearly.news\/fr\/wp-json\/wp\/v2\/media?parent=315988"}],"wp:term":[{"taxonomy":"category","embeddable":true,"href":"https:\/\/www.evearly.news\/fr\/wp-json\/wp\/v2\/categories?post=315988"},{"taxonomy":"post_tag","embeddable":true,"href":"https:\/\/www.evearly.news\/fr\/wp-json\/wp\/v2\/tags?post=315988"}],"curies":[{"name":"wp","href":"https:\/\/api.w.org\/{rel}","templated":true}]}}