{"id":316019,"date":"2026-01-27T11:20:04","date_gmt":"2026-01-27T10:20:04","guid":{"rendered":"https:\/\/www.evearly.news\/fr\/la-borne-ac-keba-kecontact-p40-aussi-disponible-avec-prise-type-2\/"},"modified":"2026-01-27T11:20:04","modified_gmt":"2026-01-27T10:20:04","slug":"la-borne-ac-keba-kecontact-p40-aussi-disponible-avec-prise-type-2","status":"publish","type":"post","link":"https:\/\/www.evearly.news\/fr\/la-borne-ac-keba-kecontact-p40-aussi-disponible-avec-prise-type-2\/","title":{"rendered":"La borne AC Keba KeContact P40 aussi disponible avec prise Type 2"},"content":{"rendered":"<p><img width=\"1000\" height=\"563\" src=\"https:\/\/www.evearly.news\/fr\/wp-content\/uploads\/sites\/6\/2026\/01\/la-borne-ac-keba-kecontact-p40-aussi-disponible-avec-prise-type-2.jpg\" class=\"attachment-post-thumbnail size-post-thumbnail wp-post-image\" alt=\"Borne de recharge Keba KeContact P40 avec prise T2S\" decoding=\"async\" fetchpriority=\"high\" srcset=\"https:\/\/www.evearly.news\/fr\/wp-content\/uploads\/sites\/6\/2026\/01\/la-borne-ac-keba-kecontact-p40-aussi-disponible-avec-prise-type-2.jpg 1000w, https:\/\/www.evearly.news\/fr\/wp-content\/uploads\/sites\/6\/2026\/01\/la-borne-ac-keba-kecontact-p40-aussi-disponible-avec-prise-type-2-1.jpg 300w, https:\/\/www.evearly.news\/fr\/wp-content\/uploads\/sites\/6\/2026\/01\/la-borne-ac-keba-kecontact-p40-aussi-disponible-avec-prise-type-2-2.jpg 998w, https:\/\/www.avem.fr\/wp-content\/uploads\/2026\/01\/ACTG0127_BorneKeba-768x432.jpg 768w\" sizes=\"(max-width: 1000px) 100vw, 1000px\" \/>S\u2019adressant aussi bien aux particuliers et PME dans sa version 7,4 kW, mais aussi aux grosses entreprises pour leurs flottes de v\u00e9hicules \u00e9lectriques dans sa d\u00e9clinaison Pro jusque 22 kW, la borne KeContact P40 de Keba eMobility \u00e9tait jusque-l\u00e0 livr\u00e9e avec son c\u00e2ble de recharge fixe. Il est d\u00e9sormais possible [\u2026] <a href=https:\/\/www.avem.fr\/2026\/01\/27\/la-borne-ac-keba-kecontact-p40-aussi-disponible-avec-prise-type-2\/ target=blank>Lire la suite&#8230;<\/a><\/p>\n","protected":false},"excerpt":{"rendered":"<p><img loading=\"lazy\" decoding=\"async\" width=\"1000\" height=\"563\" src=\"https:\/\/www.evearly.news\/fr\/wp-content\/uploads\/sites\/6\/2026\/01\/la-borne-ac-keba-kecontact-p40-aussi-disponible-avec-prise-type-2.jpg\" class=\"attachment-post-thumbnail size-post-thumbnail wp-post-image\" alt=\"Borne de recharge Keba KeContact P40 avec prise T2S\" \/>S\u2019adressant aussi bien aux particuliers et PME dans sa version 7,4 kW, mais aussi aux grosses entreprises pour leurs flottes de v\u00e9hicules \u00e9lectriques dans sa d\u00e9clinaison Pro jusque 22 kW, la borne KeContact P40 de Keba eMobility \u00e9tait jusque-l\u00e0 livr\u00e9e avec son c\u00e2ble de recharge fixe. Il est d\u00e9sormais possible [\u2026] <a class=\"continue-reading-link\" href=\"https:\/\/www.evearly.news\/fr\/la-borne-ac-keba-kecontact-p40-aussi-disponible-avec-prise-type-2\/\"><\/a><\/p>\n","protected":false},"author":3,"featured_media":316020,"comment_status":"closed","ping_status":"open","sticky":false,"template":"Default","format":"standard","meta":{"footnotes":""},"categories":[3],"tags":[],"class_list":["post-316019","post","type-post","status-publish","format-standard","has-post-thumbnail","hentry","category-avem"],"_links":{"self":[{"href":"https:\/\/www.evearly.news\/fr\/wp-json\/wp\/v2\/posts\/316019","targetHints":{"allow":["GET"]}}],"collection":[{"href":"https:\/\/www.evearly.news\/fr\/wp-json\/wp\/v2\/posts"}],"about":[{"href":"https:\/\/www.evearly.news\/fr\/wp-json\/wp\/v2\/types\/post"}],"author":[{"embeddable":true,"href":"https:\/\/www.evearly.news\/fr\/wp-json\/wp\/v2\/users\/3"}],"replies":[{"embeddable":true,"href":"https:\/\/www.evearly.news\/fr\/wp-json\/wp\/v2\/comments?post=316019"}],"version-history":[{"count":0,"href":"https:\/\/www.evearly.news\/fr\/wp-json\/wp\/v2\/posts\/316019\/revisions"}],"wp:featuredmedia":[{"embeddable":true,"href":"https:\/\/www.evearly.news\/fr\/wp-json\/wp\/v2\/media\/316020"}],"wp:attachment":[{"href":"https:\/\/www.evearly.news\/fr\/wp-json\/wp\/v2\/media?parent=316019"}],"wp:term":[{"taxonomy":"category","embeddable":true,"href":"https:\/\/www.evearly.news\/fr\/wp-json\/wp\/v2\/categories?post=316019"},{"taxonomy":"post_tag","embeddable":true,"href":"https:\/\/www.evearly.news\/fr\/wp-json\/wp\/v2\/tags?post=316019"}],"curies":[{"name":"wp","href":"https:\/\/api.w.org\/{rel}","templated":true}]}}