{"id":316021,"date":"2026-01-27T11:52:13","date_gmt":"2026-01-27T10:52:13","guid":{"rendered":"https:\/\/www.evearly.news\/fr\/voiture-electrique-et-si-les-constructeurs-europeens-tenaient-leur-revanche\/"},"modified":"2026-01-27T11:52:13","modified_gmt":"2026-01-27T10:52:13","slug":"voiture-electrique-et-si-les-constructeurs-europeens-tenaient-leur-revanche","status":"publish","type":"post","link":"https:\/\/www.evearly.news\/fr\/voiture-electrique-et-si-les-constructeurs-europeens-tenaient-leur-revanche\/","title":{"rendered":"Voiture \u00e9lectrique : et si les constructeurs europ\u00e9ens tenaient leur revanche ?"},"content":{"rendered":"<p><img decoding=\"async\" width=\"500\" height=\"333\" src=\"https:\/\/www.evearly.news\/fr\/wp-content\/uploads\/sites\/6\/2026\/01\/voiture-electrique-et-si-les-constructeurs-europeens-tenaient-leur-revanche.jpg\" class=\"attachment-1200x800 size-1200x800 wp-post-image\" alt=\"Volvo EX60\" loading=\"lazy\" srcset=\"https:\/\/www.evearly.news\/fr\/wp-content\/uploads\/sites\/6\/2026\/01\/voiture-electrique-et-si-les-constructeurs-europeens-tenaient-leur-revanche.jpg 2000w, https:\/\/www.evearly.news\/fr\/wp-content\/uploads\/sites\/6\/2026\/01\/voiture-electrique-et-si-les-constructeurs-europeens-tenaient-leur-revanche-1.jpg 1640w, https:\/\/www.evearly.news\/fr\/wp-content\/uploads\/sites\/6\/2026\/01\/voiture-electrique-et-si-les-constructeurs-europeens-tenaient-leur-revanche-2.jpg 1024w, https:\/\/www.evearly.news\/fr\/wp-content\/uploads\/sites\/6\/2026\/01\/voiture-electrique-et-si-les-constructeurs-europeens-tenaient-leur-revanche-3.jpg 768w, https:\/\/www.evearly.news\/fr\/wp-content\/uploads\/sites\/6\/2026\/01\/voiture-electrique-et-si-les-constructeurs-europeens-tenaient-leur-revanche-4.jpg 1536w, https:\/\/www.evearly.news\/fr\/wp-content\/uploads\/sites\/6\/2026\/01\/voiture-electrique-et-si-les-constructeurs-europeens-tenaient-leur-revanche-5.jpg 623w, https:\/\/cdn.automobile-propre.com\/uploads\/2026\/01\/20251214_EX60_MEDIA_031-960x720.jpg 960w\" sizes=\"auto, (max-width: 1067px) 100vw, 1067px\" \/><br \/>\nLes constructeurs automobiles europ\u00e9ens sont-ils en train de reprendre la main sur le march\u00e9 de l&rsquo;\u00e9lectrique ? Renault, Volkswagen, BMW,\u2026\u00a0<a href=https:\/\/www.automobile-propre.com\/articles\/voiture-electrique-et-si-les-constructeurs-europeens-tenaient-leur-revanche\/ target='bwindow'>Lire la suite&#8230;<\/a><\/p>\n","protected":false},"excerpt":{"rendered":"<p>&#8230; <a class=\"continue-reading-link\" href=\"https:\/\/www.evearly.news\/fr\/voiture-electrique-et-si-les-constructeurs-europeens-tenaient-leur-revanche\/\"><\/a><\/p>\n","protected":false},"author":8,"featured_media":316022,"comment_status":"closed","ping_status":"open","sticky":false,"template":"Default","format":"standard","meta":{"footnotes":""},"categories":[8],"tags":[],"class_list":["post-316021","post","type-post","status-publish","format-standard","has-post-thumbnail","hentry","category-automobile-propre"],"_links":{"self":[{"href":"https:\/\/www.evearly.news\/fr\/wp-json\/wp\/v2\/posts\/316021","targetHints":{"allow":["GET"]}}],"collection":[{"href":"https:\/\/www.evearly.news\/fr\/wp-json\/wp\/v2\/posts"}],"about":[{"href":"https:\/\/www.evearly.news\/fr\/wp-json\/wp\/v2\/types\/post"}],"author":[{"embeddable":true,"href":"https:\/\/www.evearly.news\/fr\/wp-json\/wp\/v2\/users\/8"}],"replies":[{"embeddable":true,"href":"https:\/\/www.evearly.news\/fr\/wp-json\/wp\/v2\/comments?post=316021"}],"version-history":[{"count":0,"href":"https:\/\/www.evearly.news\/fr\/wp-json\/wp\/v2\/posts\/316021\/revisions"}],"wp:featuredmedia":[{"embeddable":true,"href":"https:\/\/www.evearly.news\/fr\/wp-json\/wp\/v2\/media\/316022"}],"wp:attachment":[{"href":"https:\/\/www.evearly.news\/fr\/wp-json\/wp\/v2\/media?parent=316021"}],"wp:term":[{"taxonomy":"category","embeddable":true,"href":"https:\/\/www.evearly.news\/fr\/wp-json\/wp\/v2\/categories?post=316021"},{"taxonomy":"post_tag","embeddable":true,"href":"https:\/\/www.evearly.news\/fr\/wp-json\/wp\/v2\/tags?post=316021"}],"curies":[{"name":"wp","href":"https:\/\/api.w.org\/{rel}","templated":true}]}}