{"id":316025,"date":"2026-01-27T12:07:21","date_gmt":"2026-01-27T11:07:21","guid":{"rendered":"https:\/\/www.evearly.news\/fr\/2025-a-ete-une-excellente-annee-pour-les-voitures-electriques-en-europe-et-ces-chiffres-le-prouvent\/"},"modified":"2026-01-27T12:07:21","modified_gmt":"2026-01-27T11:07:21","slug":"2025-a-ete-une-excellente-annee-pour-les-voitures-electriques-en-europe-et-ces-chiffres-le-prouvent","status":"publish","type":"post","link":"https:\/\/www.evearly.news\/fr\/2025-a-ete-une-excellente-annee-pour-les-voitures-electriques-en-europe-et-ces-chiffres-le-prouvent\/","title":{"rendered":"2025 a \u00e9t\u00e9 une excellente ann\u00e9e pour les voitures \u00e9lectriques en Europe et ces chiffres le prouvent"},"content":{"rendered":"<p><img width=\"1200\" height=\"675\" src=\"https:\/\/www.evearly.news\/fr\/wp-content\/uploads\/sites\/6\/2026\/01\/2025-a-ete-une-excellente-annee-pour-les-voitures-electriques-en-europe-et-ces-chiffres-le-prouvent.jpg\" class=\"attachment-full size-full wp-post-image\" alt=\"\" decoding=\"async\" loading=\"lazy\" \/<br \/>\nContre toute attente, les ventes de voitures \u00e9lectriques se sont envol\u00e9es en Europe en 2025.\u00a0Les immatriculations ont grimp\u00e9 de 51\u00a0% en d\u00e9cembre, avec une belle hausse en France.<br \/>\n <a href=https:\/\/www.frandroid.com\/survoltes\/voitures-electriques\/2956091_2025-a-ete-une-excellente-annee-pour-les-voitures-electriques-en-europe-et-ces-chiffres-le-prouvent target='blank'>Lire la suite&#8230;<\/a><\/p>\n","protected":false},"excerpt":{"rendered":"<p>&lt;img width=&quot;1200&quot; height=&quot;675&quot; src=&quot;https:\/\/www.evearly.news\/fr\/wp-content\/uploads\/sites\/6\/2026\/01\/2025-a-ete-une-excellente-annee-pour-les-voitures-electriques-en-europe-et-ces-chiffres-le-prouvent.jpg&quot; class=&quot;attachment-full size-full wp-post-image&quot; alt=&quot;&quot; decoding=&quot;async&quot; loading=&quot;lazy&quot; \/<br \/>\nContre toute attente, les ventes de voitures \u00e9lectriques se sont envol\u00e9es en Europe en 2025.\u00a0Les immatriculations ont grimp\u00e9 de 51\u00a0% en d\u00e9cembre, avec une belle hausse en France.\n<\/p>\n<p> <a class=\"continue-reading-link\" href=\"https:\/\/www.evearly.news\/fr\/2025-a-ete-une-excellente-annee-pour-les-voitures-electriques-en-europe-et-ces-chiffres-le-prouvent\/\"><\/a><\/p>\n","protected":false},"author":6,"featured_media":316026,"comment_status":"closed","ping_status":"open","sticky":false,"template":"Default","format":"standard","meta":{"footnotes":""},"categories":[14],"tags":[],"class_list":["post-316025","post","type-post","status-publish","format-standard","has-post-thumbnail","hentry","category-frandroid"],"_links":{"self":[{"href":"https:\/\/www.evearly.news\/fr\/wp-json\/wp\/v2\/posts\/316025","targetHints":{"allow":["GET"]}}],"collection":[{"href":"https:\/\/www.evearly.news\/fr\/wp-json\/wp\/v2\/posts"}],"about":[{"href":"https:\/\/www.evearly.news\/fr\/wp-json\/wp\/v2\/types\/post"}],"author":[{"embeddable":true,"href":"https:\/\/www.evearly.news\/fr\/wp-json\/wp\/v2\/users\/6"}],"replies":[{"embeddable":true,"href":"https:\/\/www.evearly.news\/fr\/wp-json\/wp\/v2\/comments?post=316025"}],"version-history":[{"count":0,"href":"https:\/\/www.evearly.news\/fr\/wp-json\/wp\/v2\/posts\/316025\/revisions"}],"wp:featuredmedia":[{"embeddable":true,"href":"https:\/\/www.evearly.news\/fr\/wp-json\/wp\/v2\/media\/316026"}],"wp:attachment":[{"href":"https:\/\/www.evearly.news\/fr\/wp-json\/wp\/v2\/media?parent=316025"}],"wp:term":[{"taxonomy":"category","embeddable":true,"href":"https:\/\/www.evearly.news\/fr\/wp-json\/wp\/v2\/categories?post=316025"},{"taxonomy":"post_tag","embeddable":true,"href":"https:\/\/www.evearly.news\/fr\/wp-json\/wp\/v2\/tags?post=316025"}],"curies":[{"name":"wp","href":"https:\/\/api.w.org\/{rel}","templated":true}]}}