{"id":316027,"date":"2026-01-27T12:07:42","date_gmt":"2026-01-27T11:07:42","guid":{"rendered":"https:\/\/www.evearly.news\/fr\/toyota-et-tesla-doubles-ce-geant-chinois-annonce-ses-batteries-solides-bien-avant-la-concurrence\/"},"modified":"2026-01-27T12:07:42","modified_gmt":"2026-01-27T11:07:42","slug":"toyota-et-tesla-doubles-ce-geant-chinois-annonce-ses-batteries-solides-bien-avant-la-concurrence","status":"publish","type":"post","link":"https:\/\/www.evearly.news\/fr\/toyota-et-tesla-doubles-ce-geant-chinois-annonce-ses-batteries-solides-bien-avant-la-concurrence\/","title":{"rendered":"Toyota et Tesla doubl\u00e9s ? Ce g\u00e9ant chinois annonce ses batteries solides bien avant la concurrence"},"content":{"rendered":"<p><img width=\"1200\" height=\"675\" src=\"https:\/\/www.evearly.news\/fr\/wp-content\/uploads\/sites\/6\/2026\/01\/toyota-et-tesla-doubles-ce-geant-chinois-annonce-ses-batteries-solides-bien-avant-la-concurrence.jpg\" class=\"attachment-full size-full wp-post-image\" alt=\"\" decoding=\"async\" loading=\"lazy\" \/<br \/>\nLe groupe chinois Geely serait pr\u00eat \u00e0 produire des batteries solides dans le courant de l\u2019ann\u00e9e 2026. Et on sait d\u00e9j\u00e0 quelles voitures \u00e9lectriques pourraient y avoir droit.<br \/>\n <a href=https:\/\/www.frandroid.com\/survoltes\/voitures-electriques\/2955989_toyota-et-tesla-doubles-ce-geant-chinois-annonce-ses-batteries-solides-bien-avant-la-concurrence target='blank'>Lire la suite&#8230;<\/a><\/p>\n","protected":false},"excerpt":{"rendered":"<p>&lt;img width=&quot;1200&quot; height=&quot;675&quot; src=&quot;https:\/\/www.evearly.news\/fr\/wp-content\/uploads\/sites\/6\/2026\/01\/toyota-et-tesla-doubles-ce-geant-chinois-annonce-ses-batteries-solides-bien-avant-la-concurrence.jpg&quot; class=&quot;attachment-full size-full wp-post-image&quot; alt=&quot;&quot; decoding=&quot;async&quot; loading=&quot;lazy&quot; \/<br \/>\nLe groupe chinois Geely serait pr\u00eat \u00e0 produire des batteries solides dans le courant de l\u2019ann\u00e9e 2026. Et on sait d\u00e9j\u00e0 quelles voitures \u00e9lectriques pourraient y avoir droit.\n<\/p>\n<p> <a class=\"continue-reading-link\" href=\"https:\/\/www.evearly.news\/fr\/toyota-et-tesla-doubles-ce-geant-chinois-annonce-ses-batteries-solides-bien-avant-la-concurrence\/\"><\/a><\/p>\n","protected":false},"author":6,"featured_media":316028,"comment_status":"closed","ping_status":"open","sticky":false,"template":"Default","format":"standard","meta":{"footnotes":""},"categories":[14],"tags":[],"class_list":["post-316027","post","type-post","status-publish","format-standard","has-post-thumbnail","hentry","category-frandroid"],"_links":{"self":[{"href":"https:\/\/www.evearly.news\/fr\/wp-json\/wp\/v2\/posts\/316027","targetHints":{"allow":["GET"]}}],"collection":[{"href":"https:\/\/www.evearly.news\/fr\/wp-json\/wp\/v2\/posts"}],"about":[{"href":"https:\/\/www.evearly.news\/fr\/wp-json\/wp\/v2\/types\/post"}],"author":[{"embeddable":true,"href":"https:\/\/www.evearly.news\/fr\/wp-json\/wp\/v2\/users\/6"}],"replies":[{"embeddable":true,"href":"https:\/\/www.evearly.news\/fr\/wp-json\/wp\/v2\/comments?post=316027"}],"version-history":[{"count":0,"href":"https:\/\/www.evearly.news\/fr\/wp-json\/wp\/v2\/posts\/316027\/revisions"}],"wp:featuredmedia":[{"embeddable":true,"href":"https:\/\/www.evearly.news\/fr\/wp-json\/wp\/v2\/media\/316028"}],"wp:attachment":[{"href":"https:\/\/www.evearly.news\/fr\/wp-json\/wp\/v2\/media?parent=316027"}],"wp:term":[{"taxonomy":"category","embeddable":true,"href":"https:\/\/www.evearly.news\/fr\/wp-json\/wp\/v2\/categories?post=316027"},{"taxonomy":"post_tag","embeddable":true,"href":"https:\/\/www.evearly.news\/fr\/wp-json\/wp\/v2\/tags?post=316027"}],"curies":[{"name":"wp","href":"https:\/\/api.w.org\/{rel}","templated":true}]}}