{"id":316033,"date":"2026-01-27T14:02:53","date_gmt":"2026-01-27T13:02:53","guid":{"rendered":"https:\/\/www.evearly.news\/fr\/jaguar-persiste-et-signe-sa-nouvelle-gamme-sera-electrique-et-sans-hybride\/"},"modified":"2026-01-27T14:02:53","modified_gmt":"2026-01-27T13:02:53","slug":"jaguar-persiste-et-signe-sa-nouvelle-gamme-sera-electrique-et-sans-hybride","status":"publish","type":"post","link":"https:\/\/www.evearly.news\/fr\/jaguar-persiste-et-signe-sa-nouvelle-gamme-sera-electrique-et-sans-hybride\/","title":{"rendered":"Jaguar persiste et signe : sa nouvelle gamme sera \u00e9lectrique et sans hybride"},"content":{"rendered":"<p><img loading=\"lazy\" decoding=\"async\" width=\"500\" height=\"333\" src=\"https:\/\/www.evearly.news\/fr\/wp-content\/uploads\/sites\/6\/2026\/01\/jaguar-persiste-et-signe-sa-nouvelle-gamme-sera-electrique-et-sans-hybride.jpg\" class=\"attachment-1200x800 size-1200x800 wp-post-image\" alt=\"Jaguar Type 00\" srcset=\"https:\/\/www.evearly.news\/fr\/wp-content\/uploads\/sites\/6\/2026\/01\/jaguar-persiste-et-signe-sa-nouvelle-gamme-sera-electrique-et-sans-hybride.jpg 1920w, https:\/\/www.evearly.news\/fr\/wp-content\/uploads\/sites\/6\/2026\/01\/jaguar-persiste-et-signe-sa-nouvelle-gamme-sera-electrique-et-sans-hybride-1.jpg 1640w, https:\/\/www.evearly.news\/fr\/wp-content\/uploads\/sites\/6\/2026\/01\/jaguar-persiste-et-signe-sa-nouvelle-gamme-sera-electrique-et-sans-hybride-2.jpg 1024w, https:\/\/www.evearly.news\/fr\/wp-content\/uploads\/sites\/6\/2026\/01\/jaguar-persiste-et-signe-sa-nouvelle-gamme-sera-electrique-et-sans-hybride-3.jpg 768w, https:\/\/www.evearly.news\/fr\/wp-content\/uploads\/sites\/6\/2026\/01\/jaguar-persiste-et-signe-sa-nouvelle-gamme-sera-electrique-et-sans-hybride-4.jpg 1536w, https:\/\/www.evearly.news\/fr\/wp-content\/uploads\/sites\/6\/2026\/01\/jaguar-persiste-et-signe-sa-nouvelle-gamme-sera-electrique-et-sans-hybride-5.jpg 700w, https:\/\/cdn.automobile-propre.com\/uploads\/2026\/01\/jaguar_type_0014-960x540.jpeg 960w\" sizes=\"auto, (max-width: 1200px) 100vw, 1200px\" \/><br \/>\nLa r\u00e9invention de Jaguar continue sur son chemin malgr\u00e9 les emb\u00fbches. Et alors que certains imaginent d\u00e9j\u00e0 un revirement et un retour des moteurs \u00e0 essence, le constructeur r\u00e9plique vertement. Le futur de Jaguar sera \u00e9lectrique, point \u00e0 la ligne.\u00a0<a href=https:\/\/www.automobile-propre.com\/breves\/jaguar-persiste-et-signe-sa-nouvelle-gamme-sera-electrique-et-sans-hybride\/ target='bwindow'>Lire la suite&#8230;<\/a><\/p>\n","protected":false},"excerpt":{"rendered":"<p>&#8230; <a class=\"continue-reading-link\" href=\"https:\/\/www.evearly.news\/fr\/jaguar-persiste-et-signe-sa-nouvelle-gamme-sera-electrique-et-sans-hybride\/\"><\/a><\/p>\n","protected":false},"author":8,"featured_media":316034,"comment_status":"closed","ping_status":"open","sticky":false,"template":"Default","format":"standard","meta":{"footnotes":""},"categories":[8],"tags":[],"class_list":["post-316033","post","type-post","status-publish","format-standard","has-post-thumbnail","hentry","category-automobile-propre"],"_links":{"self":[{"href":"https:\/\/www.evearly.news\/fr\/wp-json\/wp\/v2\/posts\/316033","targetHints":{"allow":["GET"]}}],"collection":[{"href":"https:\/\/www.evearly.news\/fr\/wp-json\/wp\/v2\/posts"}],"about":[{"href":"https:\/\/www.evearly.news\/fr\/wp-json\/wp\/v2\/types\/post"}],"author":[{"embeddable":true,"href":"https:\/\/www.evearly.news\/fr\/wp-json\/wp\/v2\/users\/8"}],"replies":[{"embeddable":true,"href":"https:\/\/www.evearly.news\/fr\/wp-json\/wp\/v2\/comments?post=316033"}],"version-history":[{"count":0,"href":"https:\/\/www.evearly.news\/fr\/wp-json\/wp\/v2\/posts\/316033\/revisions"}],"wp:featuredmedia":[{"embeddable":true,"href":"https:\/\/www.evearly.news\/fr\/wp-json\/wp\/v2\/media\/316034"}],"wp:attachment":[{"href":"https:\/\/www.evearly.news\/fr\/wp-json\/wp\/v2\/media?parent=316033"}],"wp:term":[{"taxonomy":"category","embeddable":true,"href":"https:\/\/www.evearly.news\/fr\/wp-json\/wp\/v2\/categories?post=316033"},{"taxonomy":"post_tag","embeddable":true,"href":"https:\/\/www.evearly.news\/fr\/wp-json\/wp\/v2\/tags?post=316033"}],"curies":[{"name":"wp","href":"https:\/\/api.w.org\/{rel}","templated":true}]}}