{"id":316038,"date":"2026-01-27T15:05:57","date_gmt":"2026-01-27T14:05:57","guid":{"rendered":"https:\/\/www.evearly.news\/fr\/la-voiture-electrique-est-tout-simplement-un-produit-superieur-pourquoi-volvo-enterre-le-thermique-pour-2026-2\/"},"modified":"2026-01-27T15:05:57","modified_gmt":"2026-01-27T14:05:57","slug":"la-voiture-electrique-est-tout-simplement-un-produit-superieur-pourquoi-volvo-enterre-le-thermique-pour-2026-2","status":"publish","type":"post","link":"https:\/\/www.evearly.news\/fr\/la-voiture-electrique-est-tout-simplement-un-produit-superieur-pourquoi-volvo-enterre-le-thermique-pour-2026-2\/","title":{"rendered":"\u00ab La voiture \u00e9lectrique est tout simplement un produit sup\u00e9rieur \u00bb : pourquoi Volvo enterre le thermique pour 2026"},"content":{"rendered":"<p><img width=\"1200\" height=\"675\" src=\"https:\/\/c0.lestechnophiles.com\/images.frandroid.com\/wp-content\/uploads\/2026\/01\/62-0236.jpg?resize=1200,675&#038;key=7ce88c67&#038;watermark\" class=\"attachment-full size-full wp-post-image\" alt=\"\" decoding=\"async\" loading=\"lazy\" \/<br \/>\nOn entend souvent que la transition \u00e9lectrique patine. Pas chez Volvo. Anders Bell, le CTO, vient de l\u00e2cher une bombe technique : la plateforme SPA3. Fini les adaptations, place \u00e0 une int\u00e9gration verticale totale, du logiciel aux m\u00e9ga-castings. La promesse ? \u00ab\u00a0Le changement technologique le plus profond de l&rsquo;histoire de l&rsquo;automobile\u00a0\u00bb.<br \/>\n <a href=https:\/\/www.frandroid.com\/marques\/volvo\/2956725_la-voiture-electrique-est-tout-simplement-un-produit-superieur-pourquoi-volvo-enterre-le-thermique-pour-2026 target='blank'>Lire la suite&#8230;<\/a><\/p>\n","protected":false},"excerpt":{"rendered":"<p>&lt;img width=&quot;1200&quot; height=&quot;675&quot; src=&quot;https:\/\/c0.lestechnophiles.com\/images.frandroid.com\/wp-content\/uploads\/2026\/01\/62-0236.jpg?resize=1200,675&amp;key=7ce88c67&amp;watermark&quot; class=&quot;attachment-full size-full wp-post-image&quot; alt=&quot;&quot; decoding=&quot;async&quot; loading=&quot;lazy&quot; \/<br \/>\nOn entend souvent que la transition \u00e9lectrique patine. Pas chez Volvo. Anders Bell, le CTO, vient de l\u00e2cher une bombe technique : la plateforme SPA3. Fini les adaptations, place \u00e0 une int\u00e9gration verticale totale, du logiciel aux m\u00e9ga-castings. La promesse ? \u00ab\u00a0Le changement technologique le plus profond de l&rsquo;histoire de l&rsquo;automobile\u00a0\u00bb.\n<\/p>\n<p> <a class=\"continue-reading-link\" href=\"https:\/\/www.evearly.news\/fr\/la-voiture-electrique-est-tout-simplement-un-produit-superieur-pourquoi-volvo-enterre-le-thermique-pour-2026-2\/\"><\/a><\/p>\n","protected":false},"author":6,"featured_media":316040,"comment_status":"closed","ping_status":"open","sticky":false,"template":"Default","format":"standard","meta":{"footnotes":""},"categories":[14],"tags":[],"class_list":["post-316038","post","type-post","status-publish","format-standard","has-post-thumbnail","hentry","category-frandroid"],"_links":{"self":[{"href":"https:\/\/www.evearly.news\/fr\/wp-json\/wp\/v2\/posts\/316038","targetHints":{"allow":["GET"]}}],"collection":[{"href":"https:\/\/www.evearly.news\/fr\/wp-json\/wp\/v2\/posts"}],"about":[{"href":"https:\/\/www.evearly.news\/fr\/wp-json\/wp\/v2\/types\/post"}],"author":[{"embeddable":true,"href":"https:\/\/www.evearly.news\/fr\/wp-json\/wp\/v2\/users\/6"}],"replies":[{"embeddable":true,"href":"https:\/\/www.evearly.news\/fr\/wp-json\/wp\/v2\/comments?post=316038"}],"version-history":[{"count":0,"href":"https:\/\/www.evearly.news\/fr\/wp-json\/wp\/v2\/posts\/316038\/revisions"}],"wp:featuredmedia":[{"embeddable":true,"href":"https:\/\/www.evearly.news\/fr\/wp-json\/wp\/v2\/media\/316040"}],"wp:attachment":[{"href":"https:\/\/www.evearly.news\/fr\/wp-json\/wp\/v2\/media?parent=316038"}],"wp:term":[{"taxonomy":"category","embeddable":true,"href":"https:\/\/www.evearly.news\/fr\/wp-json\/wp\/v2\/categories?post=316038"},{"taxonomy":"post_tag","embeddable":true,"href":"https:\/\/www.evearly.news\/fr\/wp-json\/wp\/v2\/tags?post=316038"}],"curies":[{"name":"wp","href":"https:\/\/api.w.org\/{rel}","templated":true}]}}