{"id":316041,"date":"2026-01-27T15:27:48","date_gmt":"2026-01-27T14:27:48","guid":{"rendered":"https:\/\/www.evearly.news\/fr\/lelectrique-pousse-lessence-vers-la-sortie-pour-la-premiere-fois-en-europe-le-challenger-depasse-le-veteran\/"},"modified":"2026-01-27T15:27:48","modified_gmt":"2026-01-27T14:27:48","slug":"lelectrique-pousse-lessence-vers-la-sortie-pour-la-premiere-fois-en-europe-le-challenger-depasse-le-veteran","status":"publish","type":"post","link":"https:\/\/www.evearly.news\/fr\/lelectrique-pousse-lessence-vers-la-sortie-pour-la-premiere-fois-en-europe-le-challenger-depasse-le-veteran\/","title":{"rendered":"L\u2019\u00e9lectrique pousse l\u2019essence vers la sortie : pour la premi\u00e8re fois en Europe, le challenger d\u00e9passe le v\u00e9t\u00e9ran"},"content":{"rendered":"<p><img decoding=\"async\" src=\"https:\/\/www.evearly.news\/fr\/wp-content\/uploads\/sites\/6\/2026\/01\/lelectrique-pousse-lessence-vers-la-sortie-pour-la-premiere-fois-en-europe-le-challenger-depasse-le-veteran.jpg\"><br \/>C\u2019est un signal fort\u00a0: en d\u00e9cembre dernier, l\u2019\u00e9lectrique a d\u00e9tr\u00f4n\u00e9 l\u2019essence pour la premi\u00e8re fois en Europe. Mais ce n\u2019est pas la seule tendance se dessinant \u00e0 l\u2019horizon que l\u2019on peut relever. Voici ce qu\u2019il y a \u00e0 retenir des&#8230; <a href=https:\/\/www.phonandroid.com\/lelectrique-pousse-lessence-vers-la-sortie-pour-la-premiere-fois-en-europe-le-challenger-depasse-le-veteran.html target=blank>Lire la suite&#8230;<\/a><\/p>\n","protected":false},"excerpt":{"rendered":"<p>C\u2019est un signal fort\u00a0: en d\u00e9cembre dernier, l\u2019\u00e9lectrique a d\u00e9tr\u00f4n\u00e9 l\u2019essence pour la premi\u00e8re fois en Europe. Mais ce n\u2019est pas la seule tendance se dessinant \u00e0 l\u2019horizon que l\u2019on peut relever. Voici ce qu\u2019il y a \u00e0 retenir des&#8230;&#8230; <a class=\"continue-reading-link\" href=\"https:\/\/www.evearly.news\/fr\/lelectrique-pousse-lessence-vers-la-sortie-pour-la-premiere-fois-en-europe-le-challenger-depasse-le-veteran\/\"><\/a><\/p>\n","protected":false},"author":17,"featured_media":316042,"comment_status":"closed","ping_status":"open","sticky":false,"template":"Default","format":"standard","meta":{"footnotes":""},"categories":[18],"tags":[],"class_list":["post-316041","post","type-post","status-publish","format-standard","has-post-thumbnail","hentry","category-phonandroid"],"_links":{"self":[{"href":"https:\/\/www.evearly.news\/fr\/wp-json\/wp\/v2\/posts\/316041","targetHints":{"allow":["GET"]}}],"collection":[{"href":"https:\/\/www.evearly.news\/fr\/wp-json\/wp\/v2\/posts"}],"about":[{"href":"https:\/\/www.evearly.news\/fr\/wp-json\/wp\/v2\/types\/post"}],"author":[{"embeddable":true,"href":"https:\/\/www.evearly.news\/fr\/wp-json\/wp\/v2\/users\/17"}],"replies":[{"embeddable":true,"href":"https:\/\/www.evearly.news\/fr\/wp-json\/wp\/v2\/comments?post=316041"}],"version-history":[{"count":0,"href":"https:\/\/www.evearly.news\/fr\/wp-json\/wp\/v2\/posts\/316041\/revisions"}],"wp:featuredmedia":[{"embeddable":true,"href":"https:\/\/www.evearly.news\/fr\/wp-json\/wp\/v2\/media\/316042"}],"wp:attachment":[{"href":"https:\/\/www.evearly.news\/fr\/wp-json\/wp\/v2\/media?parent=316041"}],"wp:term":[{"taxonomy":"category","embeddable":true,"href":"https:\/\/www.evearly.news\/fr\/wp-json\/wp\/v2\/categories?post=316041"},{"taxonomy":"post_tag","embeddable":true,"href":"https:\/\/www.evearly.news\/fr\/wp-json\/wp\/v2\/tags?post=316041"}],"curies":[{"name":"wp","href":"https:\/\/api.w.org\/{rel}","templated":true}]}}