{"id":316045,"date":"2026-01-27T16:52:06","date_gmt":"2026-01-27T15:52:06","guid":{"rendered":"https:\/\/www.evearly.news\/fr\/un-jour-un-utilitaire-citroen-e-berlingo-van-lutilitaire-compact-electrique-pour-les-professionnels\/"},"modified":"2026-01-27T16:52:06","modified_gmt":"2026-01-27T15:52:06","slug":"un-jour-un-utilitaire-citroen-e-berlingo-van-lutilitaire-compact-electrique-pour-les-professionnels","status":"publish","type":"post","link":"https:\/\/www.evearly.news\/fr\/un-jour-un-utilitaire-citroen-e-berlingo-van-lutilitaire-compact-electrique-pour-les-professionnels\/","title":{"rendered":"Un jour, un utilitaire : Citro\u00ebn \u00eb-Berlingo Van, l\u2019utilitaire compact \u00e9lectrique pour les professionnels"},"content":{"rendered":"<p><img loading=\"lazy\" decoding=\"async\" width=\"500\" height=\"333\" src=\"https:\/\/www.evearly.news\/fr\/wp-content\/uploads\/sites\/6\/2026\/01\/un-jour-un-utilitaire-citroen-e-berlingo-van-lutilitaire-compact-electrique-pour-les-professionnels.jpg\" class=\"attachment-1200x800 size-1200x800 wp-post-image\" alt=\"VUL Citro\u00ebn \u00eb berlingo van\" srcset=\"https:\/\/www.evearly.news\/fr\/wp-content\/uploads\/sites\/6\/2026\/01\/un-jour-un-utilitaire-citroen-e-berlingo-van-lutilitaire-compact-electrique-pour-les-professionnels.jpg 600w, https:\/\/cdn.automobile-propre.com\/uploads\/2026\/01\/Newcom_600x390_Citroen_Berlingo_11958_native-100x66.jpg 100w\" sizes=\"auto, (max-width: 600px) 100vw, 600px\" \/><br \/>\nRenouvel\u00e9 en 2021, le Citro\u00ebn \u00eb-Berlingo Van s&rsquo;affirme comme une solution \u00e9lectrique polyvalente pour les professionnels. D\u00e9clin\u00e9 en deux longueurs\u2026\u00a0<a href=https:\/\/www.automobile-propre.com\/articles\/citroen-e-berlingo-van-utilitaire-compact-electrique\/ target='bwindow'>Lire la suite&#8230;<\/a><\/p>\n","protected":false},"excerpt":{"rendered":"<p>&#8230; <a class=\"continue-reading-link\" href=\"https:\/\/www.evearly.news\/fr\/un-jour-un-utilitaire-citroen-e-berlingo-van-lutilitaire-compact-electrique-pour-les-professionnels\/\"><\/a><\/p>\n","protected":false},"author":8,"featured_media":316046,"comment_status":"closed","ping_status":"open","sticky":false,"template":"Default","format":"standard","meta":{"footnotes":""},"categories":[8],"tags":[],"class_list":["post-316045","post","type-post","status-publish","format-standard","has-post-thumbnail","hentry","category-automobile-propre"],"_links":{"self":[{"href":"https:\/\/www.evearly.news\/fr\/wp-json\/wp\/v2\/posts\/316045","targetHints":{"allow":["GET"]}}],"collection":[{"href":"https:\/\/www.evearly.news\/fr\/wp-json\/wp\/v2\/posts"}],"about":[{"href":"https:\/\/www.evearly.news\/fr\/wp-json\/wp\/v2\/types\/post"}],"author":[{"embeddable":true,"href":"https:\/\/www.evearly.news\/fr\/wp-json\/wp\/v2\/users\/8"}],"replies":[{"embeddable":true,"href":"https:\/\/www.evearly.news\/fr\/wp-json\/wp\/v2\/comments?post=316045"}],"version-history":[{"count":0,"href":"https:\/\/www.evearly.news\/fr\/wp-json\/wp\/v2\/posts\/316045\/revisions"}],"wp:featuredmedia":[{"embeddable":true,"href":"https:\/\/www.evearly.news\/fr\/wp-json\/wp\/v2\/media\/316046"}],"wp:attachment":[{"href":"https:\/\/www.evearly.news\/fr\/wp-json\/wp\/v2\/media?parent=316045"}],"wp:term":[{"taxonomy":"category","embeddable":true,"href":"https:\/\/www.evearly.news\/fr\/wp-json\/wp\/v2\/categories?post=316045"},{"taxonomy":"post_tag","embeddable":true,"href":"https:\/\/www.evearly.news\/fr\/wp-json\/wp\/v2\/tags?post=316045"}],"curies":[{"name":"wp","href":"https:\/\/api.w.org\/{rel}","templated":true}]}}