{"id":316052,"date":"2026-01-27T19:22:56","date_gmt":"2026-01-27T18:22:56","guid":{"rendered":"https:\/\/www.evearly.news\/fr\/tres-ambitieux-le-chinois-geely-veut-integrer-le-top-5-mondial-avec-75-de-vehicules-electrifies\/"},"modified":"2026-01-27T19:22:56","modified_gmt":"2026-01-27T18:22:56","slug":"tres-ambitieux-le-chinois-geely-veut-integrer-le-top-5-mondial-avec-75-de-vehicules-electrifies","status":"publish","type":"post","link":"https:\/\/www.evearly.news\/fr\/tres-ambitieux-le-chinois-geely-veut-integrer-le-top-5-mondial-avec-75-de-vehicules-electrifies\/","title":{"rendered":"Tr\u00e8s ambitieux, le chinois Geely veut int\u00e9grer le Top 5 mondial avec 75 % de v\u00e9hicules \u00e9lectrifi\u00e9s"},"content":{"rendered":"<p><img decoding=\"async\" width=\"500\" height=\"333\" src=\"https:\/\/www.evearly.news\/fr\/wp-content\/uploads\/sites\/6\/2026\/01\/tres-ambitieux-le-chinois-geely-veut-integrer-le-top-5-mondial-avec-75-de-vehicules-electrifies.jpg\" class=\"attachment-1200x800 size-1200x800 wp-post-image\" alt=\"Vue trois quarts avant du Lynk &#038; Co 08 hybride rechargeable\" loading=\"lazy\" srcset=\"https:\/\/www.evearly.news\/fr\/wp-content\/uploads\/sites\/6\/2026\/01\/tres-ambitieux-le-chinois-geely-veut-integrer-le-top-5-mondial-avec-75-de-vehicules-electrifies.jpg 2048w, https:\/\/www.evearly.news\/fr\/wp-content\/uploads\/sites\/6\/2026\/01\/tres-ambitieux-le-chinois-geely-veut-integrer-le-top-5-mondial-avec-75-de-vehicules-electrifies-1.jpg 1640w, https:\/\/www.evearly.news\/fr\/wp-content\/uploads\/sites\/6\/2026\/01\/tres-ambitieux-le-chinois-geely-veut-integrer-le-top-5-mondial-avec-75-de-vehicules-electrifies-2.jpg 1024w, https:\/\/www.evearly.news\/fr\/wp-content\/uploads\/sites\/6\/2026\/01\/tres-ambitieux-le-chinois-geely-veut-integrer-le-top-5-mondial-avec-75-de-vehicules-electrifies-3.jpg 768w, https:\/\/www.evearly.news\/fr\/wp-content\/uploads\/sites\/6\/2026\/01\/tres-ambitieux-le-chinois-geely-veut-integrer-le-top-5-mondial-avec-75-de-vehicules-electrifies-4.jpg 1536w, https:\/\/www.evearly.news\/fr\/wp-content\/uploads\/sites\/6\/2026\/01\/tres-ambitieux-le-chinois-geely-veut-integrer-le-top-5-mondial-avec-75-de-vehicules-electrifies-5.jpg 700w, https:\/\/cdn.automobile-propre.com\/uploads\/2025\/12\/LynkCo-08-3-960x540.jpg 960w\" sizes=\"auto, (max-width: 1200px) 100vw, 1200px\" \/><br \/>\nFort d&rsquo;une belle croissance en 2025, Geely se dote d&rsquo;un nouveau plan strat\u00e9gique pour devenir un des cinq premiers constructeurs\u2026\u00a0<a href=https:\/\/www.automobile-propre.com\/articles\/tres-ambitieux-le-chinois-geely-veut-integrer-le-top-5-mondial-avec-75-de-vehicules-electrifies\/ target='bwindow'>Lire la suite&#8230;<\/a><\/p>\n","protected":false},"excerpt":{"rendered":"<p>&#8230; <a class=\"continue-reading-link\" href=\"https:\/\/www.evearly.news\/fr\/tres-ambitieux-le-chinois-geely-veut-integrer-le-top-5-mondial-avec-75-de-vehicules-electrifies\/\"><\/a><\/p>\n","protected":false},"author":8,"featured_media":316053,"comment_status":"closed","ping_status":"open","sticky":false,"template":"Default","format":"standard","meta":{"footnotes":""},"categories":[8],"tags":[],"class_list":["post-316052","post","type-post","status-publish","format-standard","has-post-thumbnail","hentry","category-automobile-propre"],"_links":{"self":[{"href":"https:\/\/www.evearly.news\/fr\/wp-json\/wp\/v2\/posts\/316052","targetHints":{"allow":["GET"]}}],"collection":[{"href":"https:\/\/www.evearly.news\/fr\/wp-json\/wp\/v2\/posts"}],"about":[{"href":"https:\/\/www.evearly.news\/fr\/wp-json\/wp\/v2\/types\/post"}],"author":[{"embeddable":true,"href":"https:\/\/www.evearly.news\/fr\/wp-json\/wp\/v2\/users\/8"}],"replies":[{"embeddable":true,"href":"https:\/\/www.evearly.news\/fr\/wp-json\/wp\/v2\/comments?post=316052"}],"version-history":[{"count":0,"href":"https:\/\/www.evearly.news\/fr\/wp-json\/wp\/v2\/posts\/316052\/revisions"}],"wp:featuredmedia":[{"embeddable":true,"href":"https:\/\/www.evearly.news\/fr\/wp-json\/wp\/v2\/media\/316053"}],"wp:attachment":[{"href":"https:\/\/www.evearly.news\/fr\/wp-json\/wp\/v2\/media?parent=316052"}],"wp:term":[{"taxonomy":"category","embeddable":true,"href":"https:\/\/www.evearly.news\/fr\/wp-json\/wp\/v2\/categories?post=316052"},{"taxonomy":"post_tag","embeddable":true,"href":"https:\/\/www.evearly.news\/fr\/wp-json\/wp\/v2\/tags?post=316052"}],"curies":[{"name":"wp","href":"https:\/\/api.w.org\/{rel}","templated":true}]}}