{"id":316062,"date":"2026-01-27T21:20:04","date_gmt":"2026-01-27T20:20:04","guid":{"rendered":"https:\/\/www.evearly.news\/fr\/la-smart-2-sera-finalement-presentee-un-peu-plus-tot-que-prevu\/"},"modified":"2026-01-27T21:20:04","modified_gmt":"2026-01-27T20:20:04","slug":"la-smart-2-sera-finalement-presentee-un-peu-plus-tot-que-prevu","status":"publish","type":"post","link":"https:\/\/www.evearly.news\/fr\/la-smart-2-sera-finalement-presentee-un-peu-plus-tot-que-prevu\/","title":{"rendered":"La Smart #2 sera finalement pr\u00e9sent\u00e9e un peu plus t\u00f4t que pr\u00e9vu"},"content":{"rendered":"<p><img decoding=\"async\" src=\"https:\/\/www.evearly.news\/fr\/wp-content\/uploads\/sites\/6\/2026\/01\/la-smart-2-sera-finalement-presentee-un-peu-plus-tot-que-prevu.webp\" alt=\"auto-moto\"><br \/>Initialement pr\u00e9vue pour la fin d\u2019ann\u00e9e 2026, la Smart #2 sera finalement pr\u00e9sent\u00e9e d\u00e8s le mois d\u2019avril lors du Salon de P\u00e9kin, en Chine. La micro-citadine semble d\u00e9j\u00e0 pr\u00eate \u00e0 int\u00e9grer le march\u00e9 au plus vite, alors que son d\u00e9veloppement est encore en cours. <a href=https:\/\/www.auto-moto.com\/micro-citadine\/smart-2-salon-pekin-68884 target=blank>Lire la suite&#8230;<\/a><\/p>\n","protected":false},"excerpt":{"rendered":"<p>Initialement pr\u00e9vue pour la fin d\u2019ann\u00e9e 2026, la Smart #2 sera finalement pr\u00e9sent\u00e9e d\u00e8s le mois d\u2019avril lors du Salon de P\u00e9kin, en Chine. La micro-citadine semble d\u00e9j\u00e0 pr\u00eate \u00e0 int\u00e9grer le march\u00e9 au plus vite, alors que son d\u00e9veloppement est encore en cours&#8230;. <a class=\"continue-reading-link\" href=\"https:\/\/www.evearly.news\/fr\/la-smart-2-sera-finalement-presentee-un-peu-plus-tot-que-prevu\/\"><\/a><\/p>\n","protected":false},"author":9,"featured_media":316063,"comment_status":"closed","ping_status":"open","sticky":false,"template":"Default","format":"standard","meta":{"footnotes":""},"categories":[10],"tags":[],"class_list":["post-316062","post","type-post","status-publish","format-standard","has-post-thumbnail","hentry","category-auto-moto-com"],"_links":{"self":[{"href":"https:\/\/www.evearly.news\/fr\/wp-json\/wp\/v2\/posts\/316062","targetHints":{"allow":["GET"]}}],"collection":[{"href":"https:\/\/www.evearly.news\/fr\/wp-json\/wp\/v2\/posts"}],"about":[{"href":"https:\/\/www.evearly.news\/fr\/wp-json\/wp\/v2\/types\/post"}],"author":[{"embeddable":true,"href":"https:\/\/www.evearly.news\/fr\/wp-json\/wp\/v2\/users\/9"}],"replies":[{"embeddable":true,"href":"https:\/\/www.evearly.news\/fr\/wp-json\/wp\/v2\/comments?post=316062"}],"version-history":[{"count":0,"href":"https:\/\/www.evearly.news\/fr\/wp-json\/wp\/v2\/posts\/316062\/revisions"}],"wp:featuredmedia":[{"embeddable":true,"href":"https:\/\/www.evearly.news\/fr\/wp-json\/wp\/v2\/media\/316063"}],"wp:attachment":[{"href":"https:\/\/www.evearly.news\/fr\/wp-json\/wp\/v2\/media?parent=316062"}],"wp:term":[{"taxonomy":"category","embeddable":true,"href":"https:\/\/www.evearly.news\/fr\/wp-json\/wp\/v2\/categories?post=316062"},{"taxonomy":"post_tag","embeddable":true,"href":"https:\/\/www.evearly.news\/fr\/wp-json\/wp\/v2\/tags?post=316062"}],"curies":[{"name":"wp","href":"https:\/\/api.w.org\/{rel}","templated":true}]}}