{"id":316064,"date":"2026-01-27T21:27:38","date_gmt":"2026-01-27T20:27:38","guid":{"rendered":"https:\/\/www.evearly.news\/fr\/xpeng-3-nouveaux-suv-pour-doubler-les-ventes-en-france-des-cette-annee\/"},"modified":"2026-01-27T21:27:38","modified_gmt":"2026-01-27T20:27:38","slug":"xpeng-3-nouveaux-suv-pour-doubler-les-ventes-en-france-des-cette-annee","status":"publish","type":"post","link":"https:\/\/www.evearly.news\/fr\/xpeng-3-nouveaux-suv-pour-doubler-les-ventes-en-france-des-cette-annee\/","title":{"rendered":"Xpeng : 3 nouveaux SUV pour doubler les ventes en France d\u00e8s cette ann\u00e9e"},"content":{"rendered":"<div class=\"media_block\"><img decoding=\"async\" src=\"https:\/\/www.evearly.news\/fr\/wp-content\/uploads\/sites\/6\/2026\/01\/xpeng-3-nouveaux-suv-pour-doubler-les-ventes-en-france-des-cette-annee.jpg\"><\/div>\n<p>Arriv\u00e9e sur le march\u00e9 fran\u00e7ais au printemps 2024, la marque premium \u00e9lectrique chinoise Xpeng a b\u00e2ti son offre autour de deux SUV baptis\u00e9s G6 et G9. Une imposante berline de 5,07 m de long, la Xpeng P7+, pr\u00e9sent\u00e9e au salon de Bruxelles d\u00e9but janvier arrivera en renfort au printemps. Mais pour atteindre sa vitesse de croisi\u00e8re le constructeur chinois misera beaucoup sur trois nouveaux produits qui seront d\u00e9voil\u00e9s au Mondial de l\u2019Auto en octobre prochain \u00e0 Paris. Dont un SUV de segment C, mod\u00e8le id\u00e9al pour faire du volume. <a href=https:\/\/www.automobile-magazine.fr\/voitures-electriques\/article\/50830-xpeng-3-nouveaux-suv-pour-doubler-les-ventes-en-france-des-cette-annee target='bwindow'>Lire la suite&#8230;<\/a><\/p>\n","protected":false},"excerpt":{"rendered":"<div class=\"media_block\"><img decoding=\"async\" src=\"https:\/\/www.evearly.news\/fr\/wp-content\/uploads\/sites\/6\/2026\/01\/xpeng-3-nouveaux-suv-pour-doubler-les-ventes-en-france-des-cette-annee.jpg\"><\/div>\n<p> <a class=\"continue-reading-link\" href=\"https:\/\/www.evearly.news\/fr\/xpeng-3-nouveaux-suv-pour-doubler-les-ventes-en-france-des-cette-annee\/\"><\/a><\/p>\n","protected":false},"author":7,"featured_media":316065,"comment_status":"closed","ping_status":"open","sticky":false,"template":"Default","format":"standard","meta":{"footnotes":""},"categories":[7],"tags":[],"class_list":["post-316064","post","type-post","status-publish","format-standard","has-post-thumbnail","hentry","category-automobile-magazine"],"_links":{"self":[{"href":"https:\/\/www.evearly.news\/fr\/wp-json\/wp\/v2\/posts\/316064","targetHints":{"allow":["GET"]}}],"collection":[{"href":"https:\/\/www.evearly.news\/fr\/wp-json\/wp\/v2\/posts"}],"about":[{"href":"https:\/\/www.evearly.news\/fr\/wp-json\/wp\/v2\/types\/post"}],"author":[{"embeddable":true,"href":"https:\/\/www.evearly.news\/fr\/wp-json\/wp\/v2\/users\/7"}],"replies":[{"embeddable":true,"href":"https:\/\/www.evearly.news\/fr\/wp-json\/wp\/v2\/comments?post=316064"}],"version-history":[{"count":0,"href":"https:\/\/www.evearly.news\/fr\/wp-json\/wp\/v2\/posts\/316064\/revisions"}],"wp:featuredmedia":[{"embeddable":true,"href":"https:\/\/www.evearly.news\/fr\/wp-json\/wp\/v2\/media\/316065"}],"wp:attachment":[{"href":"https:\/\/www.evearly.news\/fr\/wp-json\/wp\/v2\/media?parent=316064"}],"wp:term":[{"taxonomy":"category","embeddable":true,"href":"https:\/\/www.evearly.news\/fr\/wp-json\/wp\/v2\/categories?post=316064"},{"taxonomy":"post_tag","embeddable":true,"href":"https:\/\/www.evearly.news\/fr\/wp-json\/wp\/v2\/tags?post=316064"}],"curies":[{"name":"wp","href":"https:\/\/api.w.org\/{rel}","templated":true}]}}