{"id":316066,"date":"2026-01-28T07:20:04","date_gmt":"2026-01-28T06:20:04","guid":{"rendered":"https:\/\/www.evearly.news\/fr\/le-tricycle-electrique-veemo-arrive-en-europe-en-fevrier-2026\/"},"modified":"2026-01-28T07:20:04","modified_gmt":"2026-01-28T06:20:04","slug":"le-tricycle-electrique-veemo-arrive-en-europe-en-fevrier-2026","status":"publish","type":"post","link":"https:\/\/www.evearly.news\/fr\/le-tricycle-electrique-veemo-arrive-en-europe-en-fevrier-2026\/","title":{"rendered":"Le tricycle \u00e9lectrique Veemo arrive en Europe en f\u00e9vrier 2026"},"content":{"rendered":"<p><img width=\"1000\" height=\"563\" src=\"https:\/\/www.evearly.news\/fr\/wp-content\/uploads\/sites\/6\/2026\/01\/le-tricycle-electrique-veemo-arrive-en-europe-en-fevrier-2026.jpg\" class=\"attachment-post-thumbnail size-post-thumbnail wp-post-image\" alt=\"Tricycle \u00e0 assistance \u00e9lectrique Veemo de Envo Drive Systems\" decoding=\"async\" fetchpriority=\"high\" srcset=\"https:\/\/www.evearly.news\/fr\/wp-content\/uploads\/sites\/6\/2026\/01\/le-tricycle-electrique-veemo-arrive-en-europe-en-fevrier-2026.jpg 1000w, https:\/\/www.evearly.news\/fr\/wp-content\/uploads\/sites\/6\/2026\/01\/le-tricycle-electrique-veemo-arrive-en-europe-en-fevrier-2026-1.jpg 300w, https:\/\/www.evearly.news\/fr\/wp-content\/uploads\/sites\/6\/2026\/01\/le-tricycle-electrique-veemo-arrive-en-europe-en-fevrier-2026-2.jpg 998w, https:\/\/www.avem.fr\/wp-content\/uploads\/2026\/01\/ACTG0128_Veemo-768x432.jpg 768w\" sizes=\"(max-width: 1000px) 100vw, 1000px\" \/>Apr\u00e8s son lancement en Am\u00e9rique du Nord par le constructeur canadien Envo Drive Systems, le tricycle \u00e0 assistance \u00e9lectrique Veemo d\u00e9barque en Europe gr\u00e2ce \u00e0 un partenariat avec le fabricant polonais GeoBike. \u00a0 Assembl\u00e9 en Pologne pour l\u2019Europe Dans la famille des v\u00e9hicules l\u00e9gers interm\u00e9diaires (V\u00e9lis), le Veemo est un [\u2026] <a href=https:\/\/www.avem.fr\/2026\/01\/28\/le-tricycle-electrique-veemo-arrive-en-france-en-fevrier-2026\/ target=blank>Lire la suite&#8230;<\/a><\/p>\n","protected":false},"excerpt":{"rendered":"<p><img loading=\"lazy\" decoding=\"async\" width=\"1000\" height=\"563\" src=\"https:\/\/www.evearly.news\/fr\/wp-content\/uploads\/sites\/6\/2026\/01\/le-tricycle-electrique-veemo-arrive-en-europe-en-fevrier-2026.jpg\" class=\"attachment-post-thumbnail size-post-thumbnail wp-post-image\" alt=\"Tricycle \u00e0 assistance \u00e9lectrique Veemo de Envo Drive Systems\" \/>Apr\u00e8s son lancement en Am\u00e9rique du Nord par le constructeur canadien Envo Drive Systems, le tricycle \u00e0 assistance \u00e9lectrique Veemo d\u00e9barque en Europe gr\u00e2ce \u00e0 un partenariat avec le fabricant polonais GeoBike. \u00a0 Assembl\u00e9 en Pologne pour l\u2019Europe Dans la famille des v\u00e9hicules l\u00e9gers interm\u00e9diaires (V\u00e9lis), le Veemo est un [\u2026] <a class=\"continue-reading-link\" href=\"https:\/\/www.evearly.news\/fr\/le-tricycle-electrique-veemo-arrive-en-europe-en-fevrier-2026\/\"><\/a><\/p>\n","protected":false},"author":3,"featured_media":316067,"comment_status":"closed","ping_status":"open","sticky":false,"template":"Default","format":"standard","meta":{"footnotes":""},"categories":[3],"tags":[],"class_list":["post-316066","post","type-post","status-publish","format-standard","has-post-thumbnail","hentry","category-avem"],"_links":{"self":[{"href":"https:\/\/www.evearly.news\/fr\/wp-json\/wp\/v2\/posts\/316066","targetHints":{"allow":["GET"]}}],"collection":[{"href":"https:\/\/www.evearly.news\/fr\/wp-json\/wp\/v2\/posts"}],"about":[{"href":"https:\/\/www.evearly.news\/fr\/wp-json\/wp\/v2\/types\/post"}],"author":[{"embeddable":true,"href":"https:\/\/www.evearly.news\/fr\/wp-json\/wp\/v2\/users\/3"}],"replies":[{"embeddable":true,"href":"https:\/\/www.evearly.news\/fr\/wp-json\/wp\/v2\/comments?post=316066"}],"version-history":[{"count":0,"href":"https:\/\/www.evearly.news\/fr\/wp-json\/wp\/v2\/posts\/316066\/revisions"}],"wp:featuredmedia":[{"embeddable":true,"href":"https:\/\/www.evearly.news\/fr\/wp-json\/wp\/v2\/media\/316067"}],"wp:attachment":[{"href":"https:\/\/www.evearly.news\/fr\/wp-json\/wp\/v2\/media?parent=316066"}],"wp:term":[{"taxonomy":"category","embeddable":true,"href":"https:\/\/www.evearly.news\/fr\/wp-json\/wp\/v2\/categories?post=316066"},{"taxonomy":"post_tag","embeddable":true,"href":"https:\/\/www.evearly.news\/fr\/wp-json\/wp\/v2\/tags?post=316066"}],"curies":[{"name":"wp","href":"https:\/\/api.w.org\/{rel}","templated":true}]}}