{"id":316068,"date":"2026-01-28T07:59:48","date_gmt":"2026-01-28T06:59:48","guid":{"rendered":"https:\/\/www.evearly.news\/fr\/pour-la-premiere-fois-lelectrique-depasse-lessence-dans-les-ventes-en-europe\/"},"modified":"2026-01-28T07:59:48","modified_gmt":"2026-01-28T06:59:48","slug":"pour-la-premiere-fois-lelectrique-depasse-lessence-dans-les-ventes-en-europe","status":"publish","type":"post","link":"https:\/\/www.evearly.news\/fr\/pour-la-premiere-fois-lelectrique-depasse-lessence-dans-les-ventes-en-europe\/","title":{"rendered":"Pour la premi\u00e8re fois, l\u2019\u00e9lectrique d\u00e9passe l\u2019essence dans les ventes en Europe"},"content":{"rendered":"<div class=\"media_block\"><img decoding=\"async\" src=\"https:\/\/www.evearly.news\/fr\/wp-content\/uploads\/sites\/6\/2026\/01\/pour-la-premiere-fois-lelectrique-depasse-lessence-dans-les-ventes-en-europe.jpg\"><\/div>\n<p>Les voitures 100 % \u00e9lectriques se sont vendues en plus grand nombre que les mod\u00e8les essence dans l\u2019Union europ\u00e9enne en d\u00e9cembre 2025, selon les derniers chiffres de l\u2019ACEA. Une premi\u00e8re symbolique, alors m\u00eame que le cadre r\u00e9glementaire autour de la fin du thermique est en train d\u2019\u00e9voluer. Mais derri\u00e8re ce signal fort, les donn\u00e9es de ventes comme celles du parc automobile invitent \u00e0 une lecture plus nuanc\u00e9e de la transition en cours.\u00a0 <a href=https:\/\/www.automobile-magazine.fr\/voitures-electriques\/article\/50831-pour-la-premiere-fois-lelectrique-depasse-lessence-dans-les-ventes-en-europe target='bwindow'>Lire la suite&#8230;<\/a><\/p>\n","protected":false},"excerpt":{"rendered":"<div class=\"media_block\"><img decoding=\"async\" src=\"https:\/\/www.evearly.news\/fr\/wp-content\/uploads\/sites\/6\/2026\/01\/pour-la-premiere-fois-lelectrique-depasse-lessence-dans-les-ventes-en-europe.jpg\"><\/div>\n<p> <a class=\"continue-reading-link\" href=\"https:\/\/www.evearly.news\/fr\/pour-la-premiere-fois-lelectrique-depasse-lessence-dans-les-ventes-en-europe\/\"><\/a><\/p>\n","protected":false},"author":7,"featured_media":316069,"comment_status":"closed","ping_status":"open","sticky":false,"template":"Default","format":"standard","meta":{"footnotes":""},"categories":[7],"tags":[],"class_list":["post-316068","post","type-post","status-publish","format-standard","has-post-thumbnail","hentry","category-automobile-magazine"],"_links":{"self":[{"href":"https:\/\/www.evearly.news\/fr\/wp-json\/wp\/v2\/posts\/316068","targetHints":{"allow":["GET"]}}],"collection":[{"href":"https:\/\/www.evearly.news\/fr\/wp-json\/wp\/v2\/posts"}],"about":[{"href":"https:\/\/www.evearly.news\/fr\/wp-json\/wp\/v2\/types\/post"}],"author":[{"embeddable":true,"href":"https:\/\/www.evearly.news\/fr\/wp-json\/wp\/v2\/users\/7"}],"replies":[{"embeddable":true,"href":"https:\/\/www.evearly.news\/fr\/wp-json\/wp\/v2\/comments?post=316068"}],"version-history":[{"count":0,"href":"https:\/\/www.evearly.news\/fr\/wp-json\/wp\/v2\/posts\/316068\/revisions"}],"wp:featuredmedia":[{"embeddable":true,"href":"https:\/\/www.evearly.news\/fr\/wp-json\/wp\/v2\/media\/316069"}],"wp:attachment":[{"href":"https:\/\/www.evearly.news\/fr\/wp-json\/wp\/v2\/media?parent=316068"}],"wp:term":[{"taxonomy":"category","embeddable":true,"href":"https:\/\/www.evearly.news\/fr\/wp-json\/wp\/v2\/categories?post=316068"},{"taxonomy":"post_tag","embeddable":true,"href":"https:\/\/www.evearly.news\/fr\/wp-json\/wp\/v2\/tags?post=316068"}],"curies":[{"name":"wp","href":"https:\/\/api.w.org\/{rel}","templated":true}]}}