{"id":316070,"date":"2026-01-28T08:00:32","date_gmt":"2026-01-28T07:00:32","guid":{"rendered":"https:\/\/www.evearly.news\/fr\/aux-etats-unis-la-justice-recadre-une-nouvelle-fois-trump-dans-sa-politique-anti-electrique\/"},"modified":"2026-01-28T08:00:32","modified_gmt":"2026-01-28T07:00:32","slug":"aux-etats-unis-la-justice-recadre-une-nouvelle-fois-trump-dans-sa-politique-anti-electrique","status":"publish","type":"post","link":"https:\/\/www.evearly.news\/fr\/aux-etats-unis-la-justice-recadre-une-nouvelle-fois-trump-dans-sa-politique-anti-electrique\/","title":{"rendered":"Aux \u00c9tats-Unis, la justice recadre une nouvelle fois Trump dans sa politique anti-\u00e9lectrique"},"content":{"rendered":"<div class=\"media_block\"><img decoding=\"async\" src=\"https:\/\/www.evearly.news\/fr\/wp-content\/uploads\/sites\/6\/2026\/01\/aux-etats-unis-la-justice-recadre-une-nouvelle-fois-trump-dans-sa-politique-anti-electrique.jpg\"><\/div>\n<p>Hostile aux v\u00e9hicules \u00e9lectriques depuis son retour \u00e0 la Maison Blanche, Donald Trump multiplie les initiatives pour freiner leur d\u00e9veloppement, en particulier sur le terrain des infrastructures. Mais il a des opposants, farouches. Un juge f\u00e9d\u00e9ral vient ainsi d\u2019estimer que la suspension du programme national de bornes de recharge \u00e9tait ill\u00e9gale. Une d\u00e9cision qui s\u2019inscrit dans une longue s\u00e9rie de bras de fer entre l\u2019ex\u00e9cutif et la justice am\u00e9ricaine, autour de la voiture \u00e9lectrique.\u00a0 <a href=https:\/\/www.automobile-magazine.fr\/economie-politique\/article\/50835-aux-etats-unis-la-justice-recadre-une-nouvelle-fois-trump-dans-sa-politique-anti-electrique target='bwindow'>Lire la suite&#8230;<\/a><\/p>\n","protected":false},"excerpt":{"rendered":"<div class=\"media_block\"><img decoding=\"async\" src=\"https:\/\/www.evearly.news\/fr\/wp-content\/uploads\/sites\/6\/2026\/01\/aux-etats-unis-la-justice-recadre-une-nouvelle-fois-trump-dans-sa-politique-anti-electrique.jpg\"><\/div>\n<p> <a class=\"continue-reading-link\" href=\"https:\/\/www.evearly.news\/fr\/aux-etats-unis-la-justice-recadre-une-nouvelle-fois-trump-dans-sa-politique-anti-electrique\/\"><\/a><\/p>\n","protected":false},"author":7,"featured_media":316071,"comment_status":"closed","ping_status":"open","sticky":false,"template":"Default","format":"standard","meta":{"footnotes":""},"categories":[7],"tags":[],"class_list":["post-316070","post","type-post","status-publish","format-standard","has-post-thumbnail","hentry","category-automobile-magazine"],"_links":{"self":[{"href":"https:\/\/www.evearly.news\/fr\/wp-json\/wp\/v2\/posts\/316070","targetHints":{"allow":["GET"]}}],"collection":[{"href":"https:\/\/www.evearly.news\/fr\/wp-json\/wp\/v2\/posts"}],"about":[{"href":"https:\/\/www.evearly.news\/fr\/wp-json\/wp\/v2\/types\/post"}],"author":[{"embeddable":true,"href":"https:\/\/www.evearly.news\/fr\/wp-json\/wp\/v2\/users\/7"}],"replies":[{"embeddable":true,"href":"https:\/\/www.evearly.news\/fr\/wp-json\/wp\/v2\/comments?post=316070"}],"version-history":[{"count":0,"href":"https:\/\/www.evearly.news\/fr\/wp-json\/wp\/v2\/posts\/316070\/revisions"}],"wp:featuredmedia":[{"embeddable":true,"href":"https:\/\/www.evearly.news\/fr\/wp-json\/wp\/v2\/media\/316071"}],"wp:attachment":[{"href":"https:\/\/www.evearly.news\/fr\/wp-json\/wp\/v2\/media?parent=316070"}],"wp:term":[{"taxonomy":"category","embeddable":true,"href":"https:\/\/www.evearly.news\/fr\/wp-json\/wp\/v2\/categories?post=316070"},{"taxonomy":"post_tag","embeddable":true,"href":"https:\/\/www.evearly.news\/fr\/wp-json\/wp\/v2\/tags?post=316070"}],"curies":[{"name":"wp","href":"https:\/\/api.w.org\/{rel}","templated":true}]}}