{"id":316076,"date":"2026-01-28T10:05:54","date_gmt":"2026-01-28T09:05:54","guid":{"rendered":"https:\/\/www.evearly.news\/fr\/actualite-voitures-electriques-la-science-prouve-leur-effet-antipollution-une-premiere\/"},"modified":"2026-01-28T10:05:54","modified_gmt":"2026-01-28T09:05:54","slug":"actualite-voitures-electriques-la-science-prouve-leur-effet-antipollution-une-premiere","status":"publish","type":"post","link":"https:\/\/www.evearly.news\/fr\/actualite-voitures-electriques-la-science-prouve-leur-effet-antipollution-une-premiere\/","title":{"rendered":"Actualit\u00e9 : Voitures \u00e9lectriques : la science prouve leur effet antipollution, une premi\u00e8re"},"content":{"rendered":"<p><img src='https:\/\/www.evearly.news\/fr\/wp-content\/uploads\/sites\/6\/2026\/01\/actualite-voitures-electriques-la-science-prouve-leur-effet-antipollution-une-premiere.png' alt='Les Num\u00e9riques' \/>Une \u00e9quipe californienne vient de quantifier pour la premi\u00e8re fois l&rsquo;impact r\u00e9el de l&rsquo;\u00e9lectrification automobile sur la qualit\u00e9 de l&rsquo;air. Leurs travaux, publi\u00e9s dans The Lancet Planetary Health, exploitent 5 ann\u00e9es de donn\u00e9es satellitaires pour \u00e9tablir un lien statistique robuste entre l&rsquo;adoption de v\u00e9hicules z\u00e9ro-\u00e9mission et la baisse mesurable du dioxyde d&rsquo;azote atmosph\u00e9rique. <a href=https:\/\/www.lesnumeriques.com\/voiture-electrique\/voitures-electriques-la-science-a-prouve-leur-effet-sur-la-qualite-de-l-air-c-est-une-premiere-n250595.html target='bwindow'>Lire la suite&#8230;<\/a><\/p>\n","protected":false},"excerpt":{"rendered":"<p>Une \u00e9quipe californienne vient de quantifier pour la premi\u00e8re fois l&rsquo;impact r\u00e9el de l&rsquo;\u00e9lectrification automobile sur la qualit\u00e9 de l&rsquo;air. Leurs travaux, publi\u00e9s dans The Lancet Planetary Health, exploitent 5 ann\u00e9es&#8230; <a class=\"continue-reading-link\" href=\"https:\/\/www.evearly.news\/fr\/actualite-voitures-electriques-la-science-prouve-leur-effet-antipollution-une-premiere\/\"><\/a><\/p>\n","protected":false},"author":15,"featured_media":316077,"comment_status":"closed","ping_status":"open","sticky":false,"template":"Default","format":"standard","meta":{"footnotes":""},"categories":[16],"tags":[],"class_list":["post-316076","post","type-post","status-publish","format-standard","has-post-thumbnail","hentry","category-lesnumeriques"],"_links":{"self":[{"href":"https:\/\/www.evearly.news\/fr\/wp-json\/wp\/v2\/posts\/316076","targetHints":{"allow":["GET"]}}],"collection":[{"href":"https:\/\/www.evearly.news\/fr\/wp-json\/wp\/v2\/posts"}],"about":[{"href":"https:\/\/www.evearly.news\/fr\/wp-json\/wp\/v2\/types\/post"}],"author":[{"embeddable":true,"href":"https:\/\/www.evearly.news\/fr\/wp-json\/wp\/v2\/users\/15"}],"replies":[{"embeddable":true,"href":"https:\/\/www.evearly.news\/fr\/wp-json\/wp\/v2\/comments?post=316076"}],"version-history":[{"count":0,"href":"https:\/\/www.evearly.news\/fr\/wp-json\/wp\/v2\/posts\/316076\/revisions"}],"wp:featuredmedia":[{"embeddable":true,"href":"https:\/\/www.evearly.news\/fr\/wp-json\/wp\/v2\/media\/316077"}],"wp:attachment":[{"href":"https:\/\/www.evearly.news\/fr\/wp-json\/wp\/v2\/media?parent=316076"}],"wp:term":[{"taxonomy":"category","embeddable":true,"href":"https:\/\/www.evearly.news\/fr\/wp-json\/wp\/v2\/categories?post=316076"},{"taxonomy":"post_tag","embeddable":true,"href":"https:\/\/www.evearly.news\/fr\/wp-json\/wp\/v2\/tags?post=316076"}],"curies":[{"name":"wp","href":"https:\/\/api.w.org\/{rel}","templated":true}]}}