{"id":316085,"date":"2026-01-28T09:37:42","date_gmt":"2026-01-28T08:37:42","guid":{"rendered":"https:\/\/www.evearly.news\/fr\/depuis-quils-proposent-enfin-des-voitures-electriques-credibles-bmw-et-mercedes-rencontrent-le-succes-sur-cette-technologie\/"},"modified":"2026-01-28T09:37:42","modified_gmt":"2026-01-28T08:37:42","slug":"depuis-quils-proposent-enfin-des-voitures-electriques-credibles-bmw-et-mercedes-rencontrent-le-succes-sur-cette-technologie","status":"publish","type":"post","link":"https:\/\/www.evearly.news\/fr\/depuis-quils-proposent-enfin-des-voitures-electriques-credibles-bmw-et-mercedes-rencontrent-le-succes-sur-cette-technologie\/","title":{"rendered":"Depuis qu\u2019ils proposent enfin des voitures \u00e9lectriques cr\u00e9dibles, BMW et Mercedes rencontrent le succ\u00e8s sur cette technologie"},"content":{"rendered":"<p><img decoding=\"async\" src=\"https:\/\/www.evearly.news\/fr\/wp-content\/uploads\/sites\/6\/2026\/01\/depuis-quils-proposent-enfin-des-voitures-electriques-credibles-bmw-et-mercedes-rencontrent-le-succes-sur-cette-technologie.jpg\" alt=\"caradisiac\" ><br \/>Disposant enfin d\u2019un v\u00e9hicule \u00e9lectrique \u00e0 la pointe de la technologie sur leur segment, BMW et Mercedes font tous les deux face \u00e0 une demande importante pour leurs derniers iX3 et GLC. Vont-ils battre leurs \u00e9quivalents thermiques\u00a0? <a href=https:\/\/www.caradisiac.com\/depuis-qu-ils-proposent-enfin-des-voitures-electriques-credibles-bmw-et-mercedes-rencontrent-le-succes-sur-cette-technologie-220082.htm#xtor=RSS-40 target=blank>Lire la suite&#8230;<\/a><\/p>\n","protected":false},"excerpt":{"rendered":"<p><img decoding=\"async\" src=\"https:\/\/www.evearly.news\/fr\/wp-content\/uploads\/sites\/6\/2026\/01\/depuis-quils-proposent-enfin-des-voitures-electriques-credibles-bmw-et-mercedes-rencontrent-le-succes-sur-cette-technologie.jpg\" alt=\"caradisiac\"><br \/>Disposant enfin d\u2019un v\u00e9hicule \u00e9lectrique \u00e0 la pointe de la technologie sur leur segment, BMW et Mercedes font tous les deux face \u00e0 une demande importante pour leurs derniers iX3 et GLC. Vont-ils battre leurs \u00e9quivalents thermiques\u00a0?<\/p>\n<p> <a class=\"continue-reading-link\" href=\"https:\/\/www.evearly.news\/fr\/depuis-quils-proposent-enfin-des-voitures-electriques-credibles-bmw-et-mercedes-rencontrent-le-succes-sur-cette-technologie\/\"><\/a><\/p>\n","protected":false},"author":11,"featured_media":316086,"comment_status":"closed","ping_status":"open","sticky":false,"template":"Default","format":"standard","meta":{"footnotes":""},"categories":[11],"tags":[],"class_list":["post-316085","post","type-post","status-publish","format-standard","has-post-thumbnail","hentry","category-caradisiac"],"_links":{"self":[{"href":"https:\/\/www.evearly.news\/fr\/wp-json\/wp\/v2\/posts\/316085","targetHints":{"allow":["GET"]}}],"collection":[{"href":"https:\/\/www.evearly.news\/fr\/wp-json\/wp\/v2\/posts"}],"about":[{"href":"https:\/\/www.evearly.news\/fr\/wp-json\/wp\/v2\/types\/post"}],"author":[{"embeddable":true,"href":"https:\/\/www.evearly.news\/fr\/wp-json\/wp\/v2\/users\/11"}],"replies":[{"embeddable":true,"href":"https:\/\/www.evearly.news\/fr\/wp-json\/wp\/v2\/comments?post=316085"}],"version-history":[{"count":0,"href":"https:\/\/www.evearly.news\/fr\/wp-json\/wp\/v2\/posts\/316085\/revisions"}],"wp:featuredmedia":[{"embeddable":true,"href":"https:\/\/www.evearly.news\/fr\/wp-json\/wp\/v2\/media\/316086"}],"wp:attachment":[{"href":"https:\/\/www.evearly.news\/fr\/wp-json\/wp\/v2\/media?parent=316085"}],"wp:term":[{"taxonomy":"category","embeddable":true,"href":"https:\/\/www.evearly.news\/fr\/wp-json\/wp\/v2\/categories?post=316085"},{"taxonomy":"post_tag","embeddable":true,"href":"https:\/\/www.evearly.news\/fr\/wp-json\/wp\/v2\/tags?post=316085"}],"curies":[{"name":"wp","href":"https:\/\/api.w.org\/{rel}","templated":true}]}}