{"id":316254,"date":"2026-01-30T13:50:03","date_gmt":"2026-01-30T12:50:03","guid":{"rendered":"https:\/\/www.evearly.news\/fr\/la-mg4-urban-arrive-bientot-en-renfort-de-la-mg4-pour-doubler-loffre-de-citadines-electriques\/"},"modified":"2026-01-30T13:50:03","modified_gmt":"2026-01-30T12:50:03","slug":"la-mg4-urban-arrive-bientot-en-renfort-de-la-mg4-pour-doubler-loffre-de-citadines-electriques","status":"publish","type":"post","link":"https:\/\/www.evearly.news\/fr\/la-mg4-urban-arrive-bientot-en-renfort-de-la-mg4-pour-doubler-loffre-de-citadines-electriques\/","title":{"rendered":"La MG4 Urban arrive bient\u00f4t en renfort de la MG4 pour doubler l\u2019offre de citadines \u00e9lectriques"},"content":{"rendered":"<p><img decoding=\"async\" src=\"https:\/\/www.evearly.news\/fr\/wp-content\/uploads\/sites\/6\/2026\/01\/la-mg4-urban-arrive-bientot-en-renfort-de-la-mg4-pour-doubler-loffre-de-citadines-electriques.webp\" alt=\"auto-moto\"><br \/>D\u00e9j\u00e0 commercialis\u00e9e en Chine, la MG4 Urban arrive en Europe aux c\u00f4t\u00e9s de l\u2019ancienne MG4 qui b\u00e9n\u00e9ficiera d\u2019un restylage. Cette double offre permettra de scinder la gamme en deux, avec une entr\u00e9e de gamme plus accessible et une MG4 restyl\u00e9e plus premium. <a href=https:\/\/www.auto-moto.com\/electrique\/mg4-urban-69034 target=blank>Lire la suite&#8230;<\/a><\/p>\n","protected":false},"excerpt":{"rendered":"<p>D\u00e9j\u00e0 commercialis\u00e9e en Chine, la MG4 Urban arrive en Europe aux c\u00f4t\u00e9s de l\u2019ancienne MG4 qui b\u00e9n\u00e9ficiera d\u2019un restylage. Cette double offre permettra de scinder la gamme en deux, avec une entr\u00e9e de gamme plus accessible et une MG4 restyl\u00e9e plus premium&#8230;. <a class=\"continue-reading-link\" href=\"https:\/\/www.evearly.news\/fr\/la-mg4-urban-arrive-bientot-en-renfort-de-la-mg4-pour-doubler-loffre-de-citadines-electriques\/\"><\/a><\/p>\n","protected":false},"author":9,"featured_media":316255,"comment_status":"closed","ping_status":"open","sticky":false,"template":"Default","format":"standard","meta":{"footnotes":""},"categories":[10],"tags":[],"class_list":["post-316254","post","type-post","status-publish","format-standard","has-post-thumbnail","hentry","category-auto-moto-com"],"_links":{"self":[{"href":"https:\/\/www.evearly.news\/fr\/wp-json\/wp\/v2\/posts\/316254","targetHints":{"allow":["GET"]}}],"collection":[{"href":"https:\/\/www.evearly.news\/fr\/wp-json\/wp\/v2\/posts"}],"about":[{"href":"https:\/\/www.evearly.news\/fr\/wp-json\/wp\/v2\/types\/post"}],"author":[{"embeddable":true,"href":"https:\/\/www.evearly.news\/fr\/wp-json\/wp\/v2\/users\/9"}],"replies":[{"embeddable":true,"href":"https:\/\/www.evearly.news\/fr\/wp-json\/wp\/v2\/comments?post=316254"}],"version-history":[{"count":0,"href":"https:\/\/www.evearly.news\/fr\/wp-json\/wp\/v2\/posts\/316254\/revisions"}],"wp:featuredmedia":[{"embeddable":true,"href":"https:\/\/www.evearly.news\/fr\/wp-json\/wp\/v2\/media\/316255"}],"wp:attachment":[{"href":"https:\/\/www.evearly.news\/fr\/wp-json\/wp\/v2\/media?parent=316254"}],"wp:term":[{"taxonomy":"category","embeddable":true,"href":"https:\/\/www.evearly.news\/fr\/wp-json\/wp\/v2\/categories?post=316254"},{"taxonomy":"post_tag","embeddable":true,"href":"https:\/\/www.evearly.news\/fr\/wp-json\/wp\/v2\/tags?post=316254"}],"curies":[{"name":"wp","href":"https:\/\/api.w.org\/{rel}","templated":true}]}}