{"id":318478,"date":"2026-03-09T17:28:59","date_gmt":"2026-03-09T16:28:59","guid":{"rendered":"https:\/\/www.evearly.news\/fr\/mg4-restylee-2026-des-prix-canons-et-deja-une-enorme-remise\/"},"modified":"2026-03-09T17:28:59","modified_gmt":"2026-03-09T16:28:59","slug":"mg4-restylee-2026-des-prix-canons-et-deja-une-enorme-remise","status":"publish","type":"post","link":"https:\/\/www.evearly.news\/fr\/mg4-restylee-2026-des-prix-canons-et-deja-une-enorme-remise\/","title":{"rendered":"MG4 restyl\u00e9e (2026) : des prix canons et d\u00e9j\u00e0 une \u00e9norme remise"},"content":{"rendered":"<p><img decoding=\"async\" width=\"500\" height=\"333\" src=\"https:\/\/www.evearly.news\/fr\/wp-content\/uploads\/sites\/6\/2026\/03\/mg4-restylee-2026-des-prix-canons-et-deja-une-enorme-remise.jpg\" class=\"attachment-1200x800 size-1200x800 wp-post-image\" alt=\"\" loading=\"lazy\" srcset=\"https:\/\/www.evearly.news\/fr\/wp-content\/uploads\/sites\/6\/2026\/03\/mg4-restylee-2026-des-prix-canons-et-deja-une-enorme-remise.jpg 1500w, https:\/\/www.evearly.news\/fr\/wp-content\/uploads\/sites\/6\/2026\/03\/mg4-restylee-2026-des-prix-canons-et-deja-une-enorme-remise-1.jpg 1024w, https:\/\/www.evearly.news\/fr\/wp-content\/uploads\/sites\/6\/2026\/03\/mg4-restylee-2026-des-prix-canons-et-deja-une-enorme-remise-2.jpg 768w, https:\/\/www.evearly.news\/fr\/wp-content\/uploads\/sites\/6\/2026\/03\/mg4-restylee-2026-des-prix-canons-et-deja-une-enorme-remise-3.jpg 700w, https:\/\/cdn.automobile-propre.com\/uploads\/2026\/02\/MG4-2026-2-960x550.jpg 960w\" sizes=\"auto, (max-width: 1200px) 100vw, 1200px\" \/><br \/>\nM\u00eame si elle monte en gamme, la MG4 mise toujours sur des prix agressifs. Surtout, MG propose d\u00e9j\u00e0 une remise\u2026\u00a0<a href=https:\/\/www.automobile-propre.com\/articles\/mg4-restylee-2026-des-prix-canons-et-deja-une-enorme-remise\/ target='bwindow'>Lire la suite&#8230;<\/a><\/p>\n","protected":false},"excerpt":{"rendered":"<p>&#8230; <a class=\"continue-reading-link\" href=\"https:\/\/www.evearly.news\/fr\/mg4-restylee-2026-des-prix-canons-et-deja-une-enorme-remise\/\"><\/a><\/p>\n","protected":false},"author":8,"featured_media":318479,"comment_status":"closed","ping_status":"open","sticky":false,"template":"Default","format":"standard","meta":{"footnotes":""},"categories":[8],"tags":[],"class_list":["post-318478","post","type-post","status-publish","format-standard","has-post-thumbnail","hentry","category-automobile-propre"],"_links":{"self":[{"href":"https:\/\/www.evearly.news\/fr\/wp-json\/wp\/v2\/posts\/318478","targetHints":{"allow":["GET"]}}],"collection":[{"href":"https:\/\/www.evearly.news\/fr\/wp-json\/wp\/v2\/posts"}],"about":[{"href":"https:\/\/www.evearly.news\/fr\/wp-json\/wp\/v2\/types\/post"}],"author":[{"embeddable":true,"href":"https:\/\/www.evearly.news\/fr\/wp-json\/wp\/v2\/users\/8"}],"replies":[{"embeddable":true,"href":"https:\/\/www.evearly.news\/fr\/wp-json\/wp\/v2\/comments?post=318478"}],"version-history":[{"count":0,"href":"https:\/\/www.evearly.news\/fr\/wp-json\/wp\/v2\/posts\/318478\/revisions"}],"wp:featuredmedia":[{"embeddable":true,"href":"https:\/\/www.evearly.news\/fr\/wp-json\/wp\/v2\/media\/318479"}],"wp:attachment":[{"href":"https:\/\/www.evearly.news\/fr\/wp-json\/wp\/v2\/media?parent=318478"}],"wp:term":[{"taxonomy":"category","embeddable":true,"href":"https:\/\/www.evearly.news\/fr\/wp-json\/wp\/v2\/categories?post=318478"},{"taxonomy":"post_tag","embeddable":true,"href":"https:\/\/www.evearly.news\/fr\/wp-json\/wp\/v2\/tags?post=318478"}],"curies":[{"name":"wp","href":"https:\/\/api.w.org\/{rel}","templated":true}]}}