{"id":318480,"date":"2026-03-09T17:29:40","date_gmt":"2026-03-09T16:29:40","guid":{"rendered":"https:\/\/www.evearly.news\/fr\/voitures-electriques-suzuki-veut-prendre-part-a-la-revolution-des-batteries-solides\/"},"modified":"2026-03-09T17:29:40","modified_gmt":"2026-03-09T16:29:40","slug":"voitures-electriques-suzuki-veut-prendre-part-a-la-revolution-des-batteries-solides","status":"publish","type":"post","link":"https:\/\/www.evearly.news\/fr\/voitures-electriques-suzuki-veut-prendre-part-a-la-revolution-des-batteries-solides\/","title":{"rendered":"Voitures \u00e9lectriques : Suzuki veut prendre part \u00e0 la r\u00e9volution des batteries solides"},"content":{"rendered":"<p><img decoding=\"async\" width=\"500\" height=\"333\" src=\"https:\/\/www.evearly.news\/fr\/wp-content\/uploads\/sites\/6\/2026\/03\/voitures-electriques-suzuki-veut-prendre-part-a-la-revolution-des-batteries-solides.jpg\" class=\"attachment-1200x800 size-1200x800 wp-post-image\" alt=\"\" loading=\"lazy\" srcset=\"https:\/\/www.evearly.news\/fr\/wp-content\/uploads\/sites\/6\/2026\/03\/voitures-electriques-suzuki-veut-prendre-part-a-la-revolution-des-batteries-solides.jpg 2048w, https:\/\/www.evearly.news\/fr\/wp-content\/uploads\/sites\/6\/2026\/03\/voitures-electriques-suzuki-veut-prendre-part-a-la-revolution-des-batteries-solides-1.jpg 1640w, https:\/\/www.evearly.news\/fr\/wp-content\/uploads\/sites\/6\/2026\/03\/voitures-electriques-suzuki-veut-prendre-part-a-la-revolution-des-batteries-solides-2.jpg 1024w, https:\/\/www.evearly.news\/fr\/wp-content\/uploads\/sites\/6\/2026\/03\/voitures-electriques-suzuki-veut-prendre-part-a-la-revolution-des-batteries-solides-3.jpg 768w, https:\/\/www.evearly.news\/fr\/wp-content\/uploads\/sites\/6\/2026\/03\/voitures-electriques-suzuki-veut-prendre-part-a-la-revolution-des-batteries-solides-4.jpg 1536w, https:\/\/cdn.automobile-propre.com\/uploads\/2025\/10\/suzuki-vision-e-sky-5-620x349.jpg 620w\" sizes=\"auto, (max-width: 1200px) 100vw, 1200px\" \/><br \/>\nDans le domaine des voitures \u00e9lectriques, l&rsquo;arriv\u00e9e des batteries solides laisse pr\u00e9sager de grandes \u00e9volutions dans les ann\u00e9es \u00e0 venir. Comme la plupart des constructeurs automobiles, Suzuki s&rsquo;int\u00e9resse \u00e0 son tour \u00e0 ces technologies prometteuses.\u00a0<a href=https:\/\/www.automobile-propre.com\/breves\/voitures-electriques-suzuki-veut-prendre-part-a-la-revolution-des-batteries-solides\/ target='bwindow'>Lire la suite&#8230;<\/a><\/p>\n","protected":false},"excerpt":{"rendered":"<p>&#8230; <a class=\"continue-reading-link\" href=\"https:\/\/www.evearly.news\/fr\/voitures-electriques-suzuki-veut-prendre-part-a-la-revolution-des-batteries-solides\/\"><\/a><\/p>\n","protected":false},"author":8,"featured_media":318481,"comment_status":"closed","ping_status":"open","sticky":false,"template":"Default","format":"standard","meta":{"footnotes":""},"categories":[8],"tags":[],"class_list":["post-318480","post","type-post","status-publish","format-standard","has-post-thumbnail","hentry","category-automobile-propre"],"_links":{"self":[{"href":"https:\/\/www.evearly.news\/fr\/wp-json\/wp\/v2\/posts\/318480","targetHints":{"allow":["GET"]}}],"collection":[{"href":"https:\/\/www.evearly.news\/fr\/wp-json\/wp\/v2\/posts"}],"about":[{"href":"https:\/\/www.evearly.news\/fr\/wp-json\/wp\/v2\/types\/post"}],"author":[{"embeddable":true,"href":"https:\/\/www.evearly.news\/fr\/wp-json\/wp\/v2\/users\/8"}],"replies":[{"embeddable":true,"href":"https:\/\/www.evearly.news\/fr\/wp-json\/wp\/v2\/comments?post=318480"}],"version-history":[{"count":0,"href":"https:\/\/www.evearly.news\/fr\/wp-json\/wp\/v2\/posts\/318480\/revisions"}],"wp:featuredmedia":[{"embeddable":true,"href":"https:\/\/www.evearly.news\/fr\/wp-json\/wp\/v2\/media\/318481"}],"wp:attachment":[{"href":"https:\/\/www.evearly.news\/fr\/wp-json\/wp\/v2\/media?parent=318480"}],"wp:term":[{"taxonomy":"category","embeddable":true,"href":"https:\/\/www.evearly.news\/fr\/wp-json\/wp\/v2\/categories?post=318480"},{"taxonomy":"post_tag","embeddable":true,"href":"https:\/\/www.evearly.news\/fr\/wp-json\/wp\/v2\/tags?post=318480"}],"curies":[{"name":"wp","href":"https:\/\/api.w.org\/{rel}","templated":true}]}}