{"id":318557,"date":"2026-03-10T08:25:25","date_gmt":"2026-03-10T07:25:25","guid":{"rendered":"https:\/\/www.evearly.news\/fr\/suzuki-rachete-lactivite-de-kanadevia-en-batteries-solides\/"},"modified":"2026-03-10T08:25:25","modified_gmt":"2026-03-10T07:25:25","slug":"suzuki-rachete-lactivite-de-kanadevia-en-batteries-solides","status":"publish","type":"post","link":"https:\/\/www.evearly.news\/fr\/suzuki-rachete-lactivite-de-kanadevia-en-batteries-solides\/","title":{"rendered":"Suzuki rach\u00e8te l\u2019activit\u00e9 de Kanadevia en batteries solides"},"content":{"rendered":"<p><img width=\"1000\" height=\"563\" src=\"https:\/\/www.evearly.news\/fr\/wp-content\/uploads\/sites\/6\/2026\/03\/suzuki-rachete-lactivite-de-kanadevia-en-batteries-solides.jpg\" class=\"attachment-post-thumbnail size-post-thumbnail wp-post-image\" alt=\"Suzuki e Vitara\" decoding=\"async\" fetchpriority=\"high\" srcset=\"https:\/\/www.evearly.news\/fr\/wp-content\/uploads\/sites\/6\/2026\/03\/suzuki-rachete-lactivite-de-kanadevia-en-batteries-solides.jpg 1000w, https:\/\/www.evearly.news\/fr\/wp-content\/uploads\/sites\/6\/2026\/03\/suzuki-rachete-lactivite-de-kanadevia-en-batteries-solides-1.jpg 300w, https:\/\/www.evearly.news\/fr\/wp-content\/uploads\/sites\/6\/2026\/03\/suzuki-rachete-lactivite-de-kanadevia-en-batteries-solides-2.jpg 998w, https:\/\/www.avem.fr\/wp-content\/uploads\/2026\/03\/ACTG0310_Suzuki-768x432.jpg 768w\" sizes=\"(max-width: 1000px) 100vw, 1000px\" \/>Pas vraiment connue aujourd\u2019hui pour ses voitures \u00e9lectriques, la marque japonaise Suzuki semble vouloir prendre sa place sur le march\u00e9 branch\u00e9. Apr\u00e8s avoir introduit en France son SUV e Vitara, le constructeur devrait acqu\u00e9rir l\u2019activit\u00e9 d\u00e9di\u00e9e aux batteries lithium-ion \u00e0 \u00e9lectrolyte solide de la soci\u00e9t\u00e9 Kanadevia. \u00a0 AS-LiB Avec un [\u2026] <a href=https:\/\/www.avem.fr\/2026\/03\/10\/suzuki-rachete-lactivite-de-kanadevia-en-batteries-solides\/ target=blank>Lire la suite&#8230;<\/a><\/p>\n","protected":false},"excerpt":{"rendered":"<p><img loading=\"lazy\" decoding=\"async\" width=\"1000\" height=\"563\" src=\"https:\/\/www.evearly.news\/fr\/wp-content\/uploads\/sites\/6\/2026\/03\/suzuki-rachete-lactivite-de-kanadevia-en-batteries-solides.jpg\" class=\"attachment-post-thumbnail size-post-thumbnail wp-post-image\" alt=\"Suzuki e Vitara\" \/>Pas vraiment connue aujourd\u2019hui pour ses voitures \u00e9lectriques, la marque japonaise Suzuki semble vouloir prendre sa place sur le march\u00e9 branch\u00e9. Apr\u00e8s avoir introduit en France son SUV e Vitara, le constructeur devrait acqu\u00e9rir l\u2019activit\u00e9 d\u00e9di\u00e9e aux batteries lithium-ion \u00e0 \u00e9lectrolyte solide de la soci\u00e9t\u00e9 Kanadevia. \u00a0 AS-LiB Avec un [\u2026] <a class=\"continue-reading-link\" href=\"https:\/\/www.evearly.news\/fr\/suzuki-rachete-lactivite-de-kanadevia-en-batteries-solides\/\"><\/a><\/p>\n","protected":false},"author":3,"featured_media":318558,"comment_status":"closed","ping_status":"open","sticky":false,"template":"Default","format":"standard","meta":{"footnotes":""},"categories":[3],"tags":[],"class_list":["post-318557","post","type-post","status-publish","format-standard","has-post-thumbnail","hentry","category-avem"],"_links":{"self":[{"href":"https:\/\/www.evearly.news\/fr\/wp-json\/wp\/v2\/posts\/318557","targetHints":{"allow":["GET"]}}],"collection":[{"href":"https:\/\/www.evearly.news\/fr\/wp-json\/wp\/v2\/posts"}],"about":[{"href":"https:\/\/www.evearly.news\/fr\/wp-json\/wp\/v2\/types\/post"}],"author":[{"embeddable":true,"href":"https:\/\/www.evearly.news\/fr\/wp-json\/wp\/v2\/users\/3"}],"replies":[{"embeddable":true,"href":"https:\/\/www.evearly.news\/fr\/wp-json\/wp\/v2\/comments?post=318557"}],"version-history":[{"count":0,"href":"https:\/\/www.evearly.news\/fr\/wp-json\/wp\/v2\/posts\/318557\/revisions"}],"wp:featuredmedia":[{"embeddable":true,"href":"https:\/\/www.evearly.news\/fr\/wp-json\/wp\/v2\/media\/318558"}],"wp:attachment":[{"href":"https:\/\/www.evearly.news\/fr\/wp-json\/wp\/v2\/media?parent=318557"}],"wp:term":[{"taxonomy":"category","embeddable":true,"href":"https:\/\/www.evearly.news\/fr\/wp-json\/wp\/v2\/categories?post=318557"},{"taxonomy":"post_tag","embeddable":true,"href":"https:\/\/www.evearly.news\/fr\/wp-json\/wp\/v2\/tags?post=318557"}],"curies":[{"name":"wp","href":"https:\/\/api.w.org\/{rel}","templated":true}]}}