{"id":318561,"date":"2026-03-10T10:08:07","date_gmt":"2026-03-10T09:08:07","guid":{"rendered":"https:\/\/www.evearly.news\/fr\/renault-devoile-son-nouveau-plan-strategique-il-ny-aura-plus-de-100-thermique\/"},"modified":"2026-03-10T10:08:07","modified_gmt":"2026-03-10T09:08:07","slug":"renault-devoile-son-nouveau-plan-strategique-il-ny-aura-plus-de-100-thermique","status":"publish","type":"post","link":"https:\/\/www.evearly.news\/fr\/renault-devoile-son-nouveau-plan-strategique-il-ny-aura-plus-de-100-thermique\/","title":{"rendered":"Renault d\u00e9voile son nouveau plan strat\u00e9gique\u00a0: il n\u2019y aura plus de 100\u00a0% thermique"},"content":{"rendered":"<p><img loading=\"lazy\" width=\"1920\" height=\"1280\" src=\"https:\/\/www.evearly.news\/fr\/wp-content\/uploads\/sites\/6\/2026\/03\/renault-devoile-son-nouveau-plan-strategique-il-ny-aura-plus-de-100-thermique.jpg\" class=\"attachment-full size-full wp-post-image\" alt=\"Renault 5 Blanche\" decoding=\"async\" srcset=\"https:\/\/www.evearly.news\/fr\/wp-content\/uploads\/sites\/6\/2026\/03\/renault-devoile-son-nouveau-plan-strategique-il-ny-aura-plus-de-100-thermique.jpg 1920w, https:\/\/www.evearly.news\/fr\/wp-content\/uploads\/sites\/6\/2026\/03\/renault-devoile-son-nouveau-plan-strategique-il-ny-aura-plus-de-100-thermique-1.jpg 384w, https:\/\/www.evearly.news\/fr\/wp-content\/uploads\/sites\/6\/2026\/03\/renault-devoile-son-nouveau-plan-strategique-il-ny-aura-plus-de-100-thermique-2.jpg 880w, https:\/\/www.evearly.news\/fr\/wp-content\/uploads\/sites\/6\/2026\/03\/renault-devoile-son-nouveau-plan-strategique-il-ny-aura-plus-de-100-thermique-3.jpg 50w, https:\/\/www.evearly.news\/fr\/wp-content\/uploads\/sites\/6\/2026\/03\/renault-devoile-son-nouveau-plan-strategique-il-ny-aura-plus-de-100-thermique-4.jpg 640w, https:\/\/www.evearly.news\/fr\/wp-content\/uploads\/sites\/6\/2026\/03\/renault-devoile-son-nouveau-plan-strategique-il-ny-aura-plus-de-100-thermique-5.jpg 1280w, https:\/\/www.presse-citron.net\/app\/uploads\/2026\/02\/renault-5-blanche-1632x1088.jpg 1632w\" sizes=\"auto, (max-width: 1920px) 100vw, 1920px\"><\/p>\n<p>Le groupe Renault vient de pr\u00e9senter son nouveau plan strat\u00e9gique et celui-ci pr\u00e9voit la fin des voitures enti\u00e8rement thermiques pour la marque Renault, en Europe. L\u2019objectif de ce plan est de faire du groupe le constructeur de r\u00e9f\u00e9rence sur le continent d\u2019ici 2030.<a href=\"https:\/\/www.presse-citron.net\/renault-devoile-son-nouveau-plan-strategique-il-ny-aura-plus-de-100-thermique\/\" target=blank> Lire la suite&#8230;<\/a><\/p>\n","protected":false},"excerpt":{"rendered":"<p>Le groupe Renault vient de pr\u00e9senter son nouveau plan strat\u00e9gique et celui-ci pr\u00e9voit la fin des voitures enti\u00e8rement thermiques pour la marque Renault, en Europe. L\u2019objectif de ce plan est de faire du groupe le constructeur de r\u00e9f\u00e9rence sur le continent d\u2019ici 2030&#8230;. <a class=\"continue-reading-link\" href=\"https:\/\/www.evearly.news\/fr\/renault-devoile-son-nouveau-plan-strategique-il-ny-aura-plus-de-100-thermique\/\"><\/a><\/p>\n","protected":false},"author":18,"featured_media":318562,"comment_status":"closed","ping_status":"open","sticky":false,"template":"Default","format":"standard","meta":{"footnotes":""},"categories":[19],"tags":[],"class_list":["post-318561","post","type-post","status-publish","format-standard","has-post-thumbnail","hentry","category-presse-citron"],"_links":{"self":[{"href":"https:\/\/www.evearly.news\/fr\/wp-json\/wp\/v2\/posts\/318561","targetHints":{"allow":["GET"]}}],"collection":[{"href":"https:\/\/www.evearly.news\/fr\/wp-json\/wp\/v2\/posts"}],"about":[{"href":"https:\/\/www.evearly.news\/fr\/wp-json\/wp\/v2\/types\/post"}],"author":[{"embeddable":true,"href":"https:\/\/www.evearly.news\/fr\/wp-json\/wp\/v2\/users\/18"}],"replies":[{"embeddable":true,"href":"https:\/\/www.evearly.news\/fr\/wp-json\/wp\/v2\/comments?post=318561"}],"version-history":[{"count":0,"href":"https:\/\/www.evearly.news\/fr\/wp-json\/wp\/v2\/posts\/318561\/revisions"}],"wp:featuredmedia":[{"embeddable":true,"href":"https:\/\/www.evearly.news\/fr\/wp-json\/wp\/v2\/media\/318562"}],"wp:attachment":[{"href":"https:\/\/www.evearly.news\/fr\/wp-json\/wp\/v2\/media?parent=318561"}],"wp:term":[{"taxonomy":"category","embeddable":true,"href":"https:\/\/www.evearly.news\/fr\/wp-json\/wp\/v2\/categories?post=318561"},{"taxonomy":"post_tag","embeddable":true,"href":"https:\/\/www.evearly.news\/fr\/wp-json\/wp\/v2\/tags?post=318561"}],"curies":[{"name":"wp","href":"https:\/\/api.w.org\/{rel}","templated":true}]}}