{"id":318585,"date":"2026-03-10T13:51:39","date_gmt":"2026-03-10T12:51:39","guid":{"rendered":"https:\/\/www.evearly.news\/fr\/renault-group-futuready-pret-pour-le-futur\/"},"modified":"2026-03-10T13:51:39","modified_gmt":"2026-03-10T12:51:39","slug":"renault-group-futuready-pret-pour-le-futur","status":"publish","type":"post","link":"https:\/\/www.evearly.news\/fr\/renault-group-futuready-pret-pour-le-futur\/","title":{"rendered":"Renault Group FutuREady\u00a0: pr\u00eat pour le futur"},"content":{"rendered":"<p><img loading=\"lazy\" decoding=\"async\" width=\"650\" height=\"443\" class=\"entry-thumb\" src=\"https:\/\/www.evearly.news\/fr\/wp-content\/uploads\/sites\/6\/2026\/03\/renault-group-futuready-pret-pour-le-futur.jpg\" alt=\"Renault Group FutuREady\" title=\"Renault Group FutuREady\"\/><br \/>Le groupe Renault, par la voix de son DG Fran\u00e7ois Provost, a d\u00e9voil\u00e9 son plan FutuREady. \u00c9tat des lieux des projets et des objectifs, avec le 100 % \u00e9lectrique en ligne de mire. <a href=https:\/\/www.flotauto.com\/renault-group-futuready\/ target='bwindow'>Lire la suite&#8230;<\/a><\/p>\n","protected":false},"excerpt":{"rendered":"<p>Le groupe Renault, par la voix de son DG Fran\u00e7ois Provost, a d\u00e9voil\u00e9 son plan FutuREady. \u00c9tat des lieux des projets et des objectifs, avec le 100 % \u00e9lectrique en ligne de mire&#8230;. <a class=\"continue-reading-link\" href=\"https:\/\/www.evearly.news\/fr\/renault-group-futuready-pret-pour-le-futur\/\"><\/a><\/p>\n","protected":false},"author":35,"featured_media":318586,"comment_status":"closed","ping_status":"open","sticky":false,"template":"Default","format":"standard","meta":{"footnotes":""},"categories":[179],"tags":[],"class_list":["post-318585","post","type-post","status-publish","format-standard","has-post-thumbnail","hentry","category-flotauto-com"],"_links":{"self":[{"href":"https:\/\/www.evearly.news\/fr\/wp-json\/wp\/v2\/posts\/318585","targetHints":{"allow":["GET"]}}],"collection":[{"href":"https:\/\/www.evearly.news\/fr\/wp-json\/wp\/v2\/posts"}],"about":[{"href":"https:\/\/www.evearly.news\/fr\/wp-json\/wp\/v2\/types\/post"}],"author":[{"embeddable":true,"href":"https:\/\/www.evearly.news\/fr\/wp-json\/wp\/v2\/users\/35"}],"replies":[{"embeddable":true,"href":"https:\/\/www.evearly.news\/fr\/wp-json\/wp\/v2\/comments?post=318585"}],"version-history":[{"count":0,"href":"https:\/\/www.evearly.news\/fr\/wp-json\/wp\/v2\/posts\/318585\/revisions"}],"wp:featuredmedia":[{"embeddable":true,"href":"https:\/\/www.evearly.news\/fr\/wp-json\/wp\/v2\/media\/318586"}],"wp:attachment":[{"href":"https:\/\/www.evearly.news\/fr\/wp-json\/wp\/v2\/media?parent=318585"}],"wp:term":[{"taxonomy":"category","embeddable":true,"href":"https:\/\/www.evearly.news\/fr\/wp-json\/wp\/v2\/categories?post=318585"},{"taxonomy":"post_tag","embeddable":true,"href":"https:\/\/www.evearly.news\/fr\/wp-json\/wp\/v2\/tags?post=318585"}],"curies":[{"name":"wp","href":"https:\/\/api.w.org\/{rel}","templated":true}]}}