{"id":318595,"date":"2026-03-10T15:56:39","date_gmt":"2026-03-10T14:56:39","guid":{"rendered":"https:\/\/www.evearly.news\/fr\/les-renault-electriques-seront-plus-rapides-sur-longs-trajets-grace-a-ce-puissant-moteur-electrique-sans-terre-rare\/"},"modified":"2026-03-10T15:56:39","modified_gmt":"2026-03-10T14:56:39","slug":"les-renault-electriques-seront-plus-rapides-sur-longs-trajets-grace-a-ce-puissant-moteur-electrique-sans-terre-rare","status":"publish","type":"post","link":"https:\/\/www.evearly.news\/fr\/les-renault-electriques-seront-plus-rapides-sur-longs-trajets-grace-a-ce-puissant-moteur-electrique-sans-terre-rare\/","title":{"rendered":"Les Renault \u00e9lectriques seront plus rapides sur longs trajets gr\u00e2ce \u00e0 ce puissant moteur \u00e9lectrique sans terre rare"},"content":{"rendered":"<p><img width=\"1200\" height=\"675\" src=\"https:\/\/www.evearly.news\/fr\/wp-content\/uploads\/sites\/6\/2026\/03\/les-renault-electriques-seront-plus-rapides-sur-longs-trajets-grace-a-ce-puissant-moteur-electrique-sans-terre-rare.jpg\" class=\"attachment-full size-full wp-post-image\" alt=\"\" decoding=\"async\" loading=\"lazy\" \/<br \/>\nRenault travaille \u00e0 un nouveau moteur \u00e9lectrique sans terres rares qui \u00e9liminerait le grand point faible de la g\u00e9n\u00e9ration actuelle, l&rsquo;autoroute, en diminuant la consommation \u00e0 haute vitesse et les temps de charge, tout en \u00e9tant plus \u00e9conomique \u00e0 produire. Il devrait arriver sur les prochaines M\u00e9gane et Sc\u00e9nic \u00e9lectriques.<br \/>\n <a href=https:\/\/www.frandroid.com\/marques\/renault\/3007357_les-renault-electriques-seront-plus-rapides-sur-longs-trajets-grace-a-ce-puissant-moteur-electrique-sans-terre-rare target='blank'>Lire la suite&#8230;<\/a><\/p>\n","protected":false},"excerpt":{"rendered":"<p>&lt;img width=&quot;1200&quot; height=&quot;675&quot; src=&quot;https:\/\/www.evearly.news\/fr\/wp-content\/uploads\/sites\/6\/2026\/03\/les-renault-electriques-seront-plus-rapides-sur-longs-trajets-grace-a-ce-puissant-moteur-electrique-sans-terre-rare.jpg&quot; class=&quot;attachment-full size-full wp-post-image&quot; alt=&quot;&quot; decoding=&quot;async&quot; loading=&quot;lazy&quot; \/<br \/>\nRenault travaille \u00e0 un nouveau moteur \u00e9lectrique sans terres rares qui \u00e9liminerait le grand point faible de la g\u00e9n\u00e9ration actuelle, l&rsquo;autoroute, en diminuant la consommation \u00e0 haute vitesse et les temps de charge, tout en \u00e9tant plus \u00e9conomique \u00e0 produire. Il devrait arriver sur les prochaines M\u00e9gane et Sc\u00e9nic \u00e9lectriques.\n<\/p>\n<p> <a class=\"continue-reading-link\" href=\"https:\/\/www.evearly.news\/fr\/les-renault-electriques-seront-plus-rapides-sur-longs-trajets-grace-a-ce-puissant-moteur-electrique-sans-terre-rare\/\"><\/a><\/p>\n","protected":false},"author":6,"featured_media":318596,"comment_status":"closed","ping_status":"open","sticky":false,"template":"Default","format":"standard","meta":{"footnotes":""},"categories":[14],"tags":[],"class_list":["post-318595","post","type-post","status-publish","format-standard","has-post-thumbnail","hentry","category-frandroid"],"_links":{"self":[{"href":"https:\/\/www.evearly.news\/fr\/wp-json\/wp\/v2\/posts\/318595","targetHints":{"allow":["GET"]}}],"collection":[{"href":"https:\/\/www.evearly.news\/fr\/wp-json\/wp\/v2\/posts"}],"about":[{"href":"https:\/\/www.evearly.news\/fr\/wp-json\/wp\/v2\/types\/post"}],"author":[{"embeddable":true,"href":"https:\/\/www.evearly.news\/fr\/wp-json\/wp\/v2\/users\/6"}],"replies":[{"embeddable":true,"href":"https:\/\/www.evearly.news\/fr\/wp-json\/wp\/v2\/comments?post=318595"}],"version-history":[{"count":0,"href":"https:\/\/www.evearly.news\/fr\/wp-json\/wp\/v2\/posts\/318595\/revisions"}],"wp:featuredmedia":[{"embeddable":true,"href":"https:\/\/www.evearly.news\/fr\/wp-json\/wp\/v2\/media\/318596"}],"wp:attachment":[{"href":"https:\/\/www.evearly.news\/fr\/wp-json\/wp\/v2\/media?parent=318595"}],"wp:term":[{"taxonomy":"category","embeddable":true,"href":"https:\/\/www.evearly.news\/fr\/wp-json\/wp\/v2\/categories?post=318595"},{"taxonomy":"post_tag","embeddable":true,"href":"https:\/\/www.evearly.news\/fr\/wp-json\/wp\/v2\/tags?post=318595"}],"curies":[{"name":"wp","href":"https:\/\/api.w.org\/{rel}","templated":true}]}}