{"id":318599,"date":"2026-03-10T16:32:03","date_gmt":"2026-03-10T15:32:03","guid":{"rendered":"https:\/\/www.evearly.news\/fr\/ses-profits-divises-par-deux-volkswagen-va-licencier-50-000-personnes\/"},"modified":"2026-03-10T16:32:03","modified_gmt":"2026-03-10T15:32:03","slug":"ses-profits-divises-par-deux-volkswagen-va-licencier-50-000-personnes","status":"publish","type":"post","link":"https:\/\/www.evearly.news\/fr\/ses-profits-divises-par-deux-volkswagen-va-licencier-50-000-personnes\/","title":{"rendered":"Ses profits divis\u00e9s par deux, Volkswagen va licencier 50\u00a0000 personnes"},"content":{"rendered":"<p><img width=\"1920\" height=\"1280\" src=\"https:\/\/www.evearly.news\/fr\/wp-content\/uploads\/sites\/6\/2026\/03\/ses-profits-divises-par-deux-volkswagen-va-licencier-50-000-personnes.jpg\" class=\"attachment-full size-full wp-post-image\" alt=\"Volkswagen Resultats\" decoding=\"async\" loading=\"lazy\" srcset=\"https:\/\/www.evearly.news\/fr\/wp-content\/uploads\/sites\/6\/2026\/03\/ses-profits-divises-par-deux-volkswagen-va-licencier-50-000-personnes.jpg 1920w, https:\/\/www.evearly.news\/fr\/wp-content\/uploads\/sites\/6\/2026\/03\/ses-profits-divises-par-deux-volkswagen-va-licencier-50-000-personnes-1.jpg 384w, https:\/\/www.evearly.news\/fr\/wp-content\/uploads\/sites\/6\/2026\/03\/ses-profits-divises-par-deux-volkswagen-va-licencier-50-000-personnes-2.jpg 880w, https:\/\/www.evearly.news\/fr\/wp-content\/uploads\/sites\/6\/2026\/03\/ses-profits-divises-par-deux-volkswagen-va-licencier-50-000-personnes-3.jpg 50w, https:\/\/www.evearly.news\/fr\/wp-content\/uploads\/sites\/6\/2026\/03\/ses-profits-divises-par-deux-volkswagen-va-licencier-50-000-personnes-4.jpg 640w, https:\/\/www.evearly.news\/fr\/wp-content\/uploads\/sites\/6\/2026\/03\/ses-profits-divises-par-deux-volkswagen-va-licencier-50-000-personnes-5.jpg 1280w, https:\/\/www.presse-citron.net\/app\/uploads\/2026\/03\/volkswagen-resultats-1632x1088.jpg 1632w\" sizes=\"auto, (max-width: 1920px) 100vw, 1920px\"><\/p>\n<p>Le constructeur automobile allemand vient de d\u00e9voiler ses r\u00e9sultats financiers pour 2025. Le bilan est particuli\u00e8rement sombre, et s\u2019explique par une multitude de facteurs.<a href=\"https:\/\/www.presse-citron.net\/profits-divises-deux-volkswagen-licencier-50-000-personnes\/\" target=blank> Lire la suite&#8230;<\/a><\/p>\n","protected":false},"excerpt":{"rendered":"<p>Le constructeur automobile allemand vient de d\u00e9voiler ses r\u00e9sultats financiers pour 2025. Le bilan est particuli\u00e8rement sombre, et s\u2019explique par une multitude de facteurs&#8230;. <a class=\"continue-reading-link\" href=\"https:\/\/www.evearly.news\/fr\/ses-profits-divises-par-deux-volkswagen-va-licencier-50-000-personnes\/\"><\/a><\/p>\n","protected":false},"author":18,"featured_media":318600,"comment_status":"closed","ping_status":"open","sticky":false,"template":"Default","format":"standard","meta":{"footnotes":""},"categories":[19],"tags":[],"class_list":["post-318599","post","type-post","status-publish","format-standard","has-post-thumbnail","hentry","category-presse-citron"],"_links":{"self":[{"href":"https:\/\/www.evearly.news\/fr\/wp-json\/wp\/v2\/posts\/318599","targetHints":{"allow":["GET"]}}],"collection":[{"href":"https:\/\/www.evearly.news\/fr\/wp-json\/wp\/v2\/posts"}],"about":[{"href":"https:\/\/www.evearly.news\/fr\/wp-json\/wp\/v2\/types\/post"}],"author":[{"embeddable":true,"href":"https:\/\/www.evearly.news\/fr\/wp-json\/wp\/v2\/users\/18"}],"replies":[{"embeddable":true,"href":"https:\/\/www.evearly.news\/fr\/wp-json\/wp\/v2\/comments?post=318599"}],"version-history":[{"count":0,"href":"https:\/\/www.evearly.news\/fr\/wp-json\/wp\/v2\/posts\/318599\/revisions"}],"wp:featuredmedia":[{"embeddable":true,"href":"https:\/\/www.evearly.news\/fr\/wp-json\/wp\/v2\/media\/318600"}],"wp:attachment":[{"href":"https:\/\/www.evearly.news\/fr\/wp-json\/wp\/v2\/media?parent=318599"}],"wp:term":[{"taxonomy":"category","embeddable":true,"href":"https:\/\/www.evearly.news\/fr\/wp-json\/wp\/v2\/categories?post=318599"},{"taxonomy":"post_tag","embeddable":true,"href":"https:\/\/www.evearly.news\/fr\/wp-json\/wp\/v2\/tags?post=318599"}],"curies":[{"name":"wp","href":"https:\/\/api.w.org\/{rel}","templated":true}]}}